{"id":10,"date":"2012-06-11T08:12:58","date_gmt":"2012-06-11T08:12:58","guid":{"rendered":"http:\/\/frais-mobilite.com\/blog\/?p=10"},"modified":"2012-06-11T08:35:56","modified_gmt":"2012-06-11T08:35:56","slug":"ouverture-du-blog","status":"publish","type":"post","link":"http:\/\/frais-mobilite.com\/blog\/ouverture-du-blog\/","title":{"rendered":"Ouverture du blog!"},"content":{"rendered":"<p>Bonjour \u00e0 tous,<\/p>\n<p>&nbsp;<\/p>\n<p>Depuis l&rsquo;ouverture du site\u00a0<a title=\"http:\/\/frais-mobilite.com\" href=\"http:\/\/frais-mobilite.com\" target=\"_blank\">http:\/\/frais-mobilite.com<\/a>\u00a0il s&rsquo;est d\u00e9j\u00e0 pass\u00e9 un bon mois et il est temps, je pense, de faire un premier bilan.<\/p>\n<p>Au d\u00e9but de l&rsquo;aventure, il s&rsquo;agissait d&rsquo;un site personnel qui n&rsquo;avait pour seul but que de remplacer mes\u00a0vieillissants\u00a0fichiers Excel<!--more-->, je ne m&rsquo;attendais vraiment pas \u00e0 un d\u00e9part comme celui-ci.<\/p>\n<p>Tous les jours le nombre d&rsquo;utilisateurs s&rsquo;accroit et me confronte \u00e0 de nouveaux probl\u00e8mes de gestion. Cependant, je me rends compte que ce site poss\u00e8de une r\u00e9elle plus-value, vous plait et je ne voudrais pas que les quelques bugs de jeunesse vous fasse regretter votre inscription!<\/p>\n<p>Aujourd&rsquo;hui vous \u00eates d\u00e9j\u00e0 plus de 30 utilisateurs, une quarantaine de v\u00e9hicules existent et les pleins sont renseign\u00e9s r\u00e9guli\u00e8rement.\u00a0Certes cela peu paraitre peu pour les grands acteurs du web mais moi, ca me fait chaud au coeur!<\/p>\n<p>&nbsp;<\/p>\n<p>Ce blog aura deux vocations principales :<\/p>\n<p>1. vous tenir au courant de l&rsquo;actualit\u00e9 du site : mise en place de nouvelles fonctionnalit\u00e9s, ouverture de nouvelles sections, etc&#8230;<\/p>\n<p>2. me permettre de m&rsquo;expliquer sur les bugs rencontr\u00e9s et les corrections mise en place.<\/p>\n<p>&nbsp;<\/p>\n<p>Je vous remercie de votre fid\u00e9lit\u00e9 et esp\u00e8re continuer l&rsquo;aventure avec vous le plus longtemps possible!<\/p>\n<p>&nbsp;<\/p>\n<p>David.<\/p>\n<p>&nbsp;<\/p>\n<p>&nbsp;<\/p>\n","protected":false},"excerpt":{"rendered":"<p>Bonjour \u00e0 tous, &nbsp; Depuis l&rsquo;ouverture du site\u00a0http:\/\/frais-mobilite.com\u00a0il s&rsquo;est d\u00e9j\u00e0 pass\u00e9 un bon mois et il est temps, je pense, de faire un premier bilan. Au d\u00e9but de l&rsquo;aventure, il s&rsquo;agissait d&rsquo;un site personnel qui n&rsquo;avait pour seul but que de remplacer mes\u00a0vieillissants\u00a0fichiers Excel<\/p>\n","protected":false},"author":1,"featured_media":0,"comment_status":"open","ping_status":"open","sticky":false,"template":"","format":"standard","meta":{"_monsterinsights_skip_tracking":false,"_monsterinsights_sitenote_active":false,"_monsterinsights_sitenote_note":"","_monsterinsights_sitenote_category":0,"jetpack_post_was_ever_published":false,"_jetpack_newsletter_access":"","_jetpack_dont_email_post_to_subs":false,"_jetpack_newsletter_tier_id":0,"_jetpack_memberships_contains_paywalled_content":false,"_jetpack_memberships_contains_paid_content":false,"footnotes":"","jetpack_publicize_message":"","jetpack_publicize_feature_enabled":true,"jetpack_social_post_already_shared":false,"jetpack_social_options":{"image_generator_settings":{"template":"highway","enabled":false},"version":2}},"categories":[6],"tags":[],"class_list":["post-10","post","type-post","status-publish","format-standard","hentry","category-vie-du-site"],"jetpack_publicize_connections":[],"jetpack_featured_media_url":"","jetpack_sharing_enabled":true,"jetpack_shortlink":"https:\/\/wp.me\/p6YVWK-a","_links":{"self":[{"href":"http:\/\/frais-mobilite.com\/blog\/wp-json\/wp\/v2\/posts\/10"}],"collection":[{"href":"http:\/\/frais-mobilite.com\/blog\/wp-json\/wp\/v2\/posts"}],"about":[{"href":"http:\/\/frais-mobilite.com\/blog\/wp-json\/wp\/v2\/types\/post"}],"author":[{"embeddable":true,"href":"http:\/\/frais-mobilite.com\/blog\/wp-json\/wp\/v2\/users\/1"}],"replies":[{"embeddable":true,"href":"http:\/\/frais-mobilite.com\/blog\/wp-json\/wp\/v2\/comments?post=10"}],"version-history":[{"count":5,"href":"http:\/\/frais-mobilite.com\/blog\/wp-json\/wp\/v2\/posts\/10\/revisions"}],"predecessor-version":[{"id":15,"href":"http:\/\/frais-mobilite.com\/blog\/wp-json\/wp\/v2\/posts\/10\/revisions\/15"}],"wp:attachment":[{"href":"http:\/\/frais-mobilite.com\/blog\/wp-json\/wp\/v2\/media?parent=10"}],"wp:term":[{"taxonomy":"category","embeddable":true,"href":"http:\/\/frais-mobilite.com\/blog\/wp-json\/wp\/v2\/categories?post=10"},{"taxonomy":"post_tag","embeddable":true,"href":"http:\/\/frais-mobilite.com\/blog\/wp-json\/wp\/v2\/tags?post=10"}],"curies":[{"name":"wp","href":"https:\/\/api.w.org\/{rel}","templated":true}]}}