{"id":104,"date":"2012-11-22T22:15:44","date_gmt":"2012-11-22T22:15:44","guid":{"rendered":"http:\/\/frais-mobilite.com\/blog\/?p=104"},"modified":"2012-11-22T22:15:44","modified_gmt":"2012-11-22T22:15:44","slug":"v3-0-0-profils-publics","status":"publish","type":"post","link":"http:\/\/frais-mobilite.com\/blog\/v3-0-0-profils-publics\/","title":{"rendered":"V3.0.0 : les profils publics!"},"content":{"rendered":"<p>Bonsoir \u00e0 tous!<\/p>\n<p>Aujourd&rsquo;hui est un grand jour pour le site! Par rapport \u00e0 la concurrence il nous manquait une fonctionnalit\u00e9 importante : pouvoir partager avec d&rsquo;autres personnes les informations saisies.<\/p>\n<p>D\u00e9sormais vous avez cette\u00a0possibilit\u00e9\u00a0et surtout, vous pouvez d\u00e9cider de ce que vous voulez publier!<\/p>\n<p><a href=\"http:\/\/frais-mobilite.com\/blog\/wp-content\/uploads\/2012\/11\/Capture-d\u2019\u00e9cran-2012-11-22-\u00e0-23.04.59.png\"><img loading=\"lazy\" decoding=\"async\" class=\"aligncenter size-full wp-image-105\" title=\"Capture d\u2019\u00e9cran 2012-11-22 \u00e0 23.04.59\" src=\"http:\/\/frais-mobilite.com\/blog\/wp-content\/uploads\/2012\/11\/Capture-d\u2019\u00e9cran-2012-11-22-\u00e0-23.04.59.png\" alt=\"\" width=\"751\" height=\"971\" srcset=\"http:\/\/frais-mobilite.com\/blog\/wp-content\/uploads\/2012\/11\/Capture-d\u2019\u00e9cran-2012-11-22-\u00e0-23.04.59.png 751w, http:\/\/frais-mobilite.com\/blog\/wp-content\/uploads\/2012\/11\/Capture-d\u2019\u00e9cran-2012-11-22-\u00e0-23.04.59-232x300.png 232w\" sizes=\"(max-width: 751px) 100vw, 751px\" \/><\/a><\/p>\n<p>&nbsp;<\/p>\n<p>Cocher une case signifie que l&rsquo;information associ\u00e9e est affich\u00e9e sur votre page publique.<\/p>\n<p>A contrario, une case d\u00e9coch\u00e9e masquera l&rsquo;information dans votre page publique.<\/p>\n<p>&nbsp;<\/p>\n<p>Une page publique est visuellement \u00e9quivalente \u00e0 votre page priv\u00e9e \u00e0 quelques d\u00e9tails pr\u00e8s : les prix ne sont pas activables, une page publique poss\u00e8de un fond gris\u00e9 \u00e0 la diff\u00e9rence du fond beige que vous connaissez bien.<\/p>\n<p>De plus, chaque v\u00e9hicule poss\u00e8de une page publique qui peut \u00eatre configur\u00e9e\u00a0diff\u00e9remment\u00a0selon vos envies.<\/p>\n<p>&nbsp;<\/p>\n<p><span style=\"color: #ff0000;\">Par d\u00e9faut, toutes vos pages publiques sont actives et toutes les donn\u00e9es affichables le sont<\/span>. Si vous souhaitez restreindre les informations affich\u00e9es, modifiez la configuration et tout sera effectif d\u00e8s votre validation!<\/p>\n<p><a href=\"http:\/\/frais-mobilite.com\/blog\/wp-content\/uploads\/2012\/11\/config_page_publique.jpg\"><img loading=\"lazy\" decoding=\"async\" class=\"aligncenter size-full wp-image-107\" title=\"config_page_publique\" src=\"http:\/\/frais-mobilite.com\/blog\/wp-content\/uploads\/2012\/11\/config_page_publique.jpg\" alt=\"\" width=\"486\" height=\"341\" srcset=\"http:\/\/frais-mobilite.com\/blog\/wp-content\/uploads\/2012\/11\/config_page_publique.jpg 486w, http:\/\/frais-mobilite.com\/blog\/wp-content\/uploads\/2012\/11\/config_page_publique-300x210.jpg 300w\" sizes=\"(max-width: 486px) 100vw, 486px\" \/><\/a><\/p>\n<p>Quoiqu&rsquo;il en soit, si vous laissez votre page publique activ\u00e9e, <strong>pensez \u00e0 mettre \u00e0 jour vos badges de forum<\/strong> pour qu&rsquo;ils redirigent vos visiteurs vers votre page publique directement!<\/p>\n","protected":false},"excerpt":{"rendered":"<p>Bonsoir \u00e0 tous! Aujourd&rsquo;hui est un grand jour pour le site! Par rapport \u00e0 la concurrence il nous manquait une fonctionnalit\u00e9 importante : pouvoir partager avec d&rsquo;autres personnes les informations saisies. D\u00e9sormais vous avez cette\u00a0possibilit\u00e9\u00a0et surtout, vous pouvez d\u00e9cider de ce que vous voulez publier! &nbsp; Cocher une case signifie que l&rsquo;information associ\u00e9e est affich\u00e9e [&hellip;]<\/p>\n","protected":false},"author":1,"featured_media":0,"comment_status":"open","ping_status":"open","sticky":false,"template":"","format":"standard","meta":{"_monsterinsights_skip_tracking":false,"_monsterinsights_sitenote_active":false,"_monsterinsights_sitenote_note":"","_monsterinsights_sitenote_category":0,"jetpack_post_was_ever_published":false,"_jetpack_newsletter_access":"","_jetpack_dont_email_post_to_subs":false,"_jetpack_newsletter_tier_id":0,"_jetpack_memberships_contains_paywalled_content":false,"_jetpack_memberships_contains_paid_content":false,"footnotes":"","jetpack_publicize_message":"","jetpack_publicize_feature_enabled":true,"jetpack_social_post_already_shared":false,"jetpack_social_options":{"image_generator_settings":{"template":"highway","enabled":false},"version":2}},"categories":[5,6],"tags":[],"class_list":["post-104","post","type-post","status-publish","format-standard","hentry","category-evolutions","category-vie-du-site"],"jetpack_publicize_connections":[],"jetpack_featured_media_url":"","jetpack_sharing_enabled":true,"jetpack_shortlink":"https:\/\/wp.me\/p6YVWK-1G","_links":{"self":[{"href":"http:\/\/frais-mobilite.com\/blog\/wp-json\/wp\/v2\/posts\/104"}],"collection":[{"href":"http:\/\/frais-mobilite.com\/blog\/wp-json\/wp\/v2\/posts"}],"about":[{"href":"http:\/\/frais-mobilite.com\/blog\/wp-json\/wp\/v2\/types\/post"}],"author":[{"embeddable":true,"href":"http:\/\/frais-mobilite.com\/blog\/wp-json\/wp\/v2\/users\/1"}],"replies":[{"embeddable":true,"href":"http:\/\/frais-mobilite.com\/blog\/wp-json\/wp\/v2\/comments?post=104"}],"version-history":[{"count":3,"href":"http:\/\/frais-mobilite.com\/blog\/wp-json\/wp\/v2\/posts\/104\/revisions"}],"predecessor-version":[{"id":109,"href":"http:\/\/frais-mobilite.com\/blog\/wp-json\/wp\/v2\/posts\/104\/revisions\/109"}],"wp:attachment":[{"href":"http:\/\/frais-mobilite.com\/blog\/wp-json\/wp\/v2\/media?parent=104"}],"wp:term":[{"taxonomy":"category","embeddable":true,"href":"http:\/\/frais-mobilite.com\/blog\/wp-json\/wp\/v2\/categories?post=104"},{"taxonomy":"post_tag","embeddable":true,"href":"http:\/\/frais-mobilite.com\/blog\/wp-json\/wp\/v2\/tags?post=104"}],"curies":[{"name":"wp","href":"https:\/\/api.w.org\/{rel}","templated":true}]}}