{"id":114,"date":"2013-01-15T12:06:15","date_gmt":"2013-01-15T12:06:15","guid":{"rendered":"http:\/\/frais-mobilite.com\/blog\/?p=114"},"modified":"2013-01-15T12:07:00","modified_gmt":"2013-01-15T12:07:00","slug":"v3-1-0-les-rappels-et-notifications","status":"publish","type":"post","link":"http:\/\/frais-mobilite.com\/blog\/v3-1-0-les-rappels-et-notifications\/","title":{"rendered":"V3.1.0 : les rappels et notifications"},"content":{"rendered":"<p>Bonjour \u00e0 tous et bonne ann\u00e9e!<\/p>\n<p>&nbsp;<\/p>\n<p>Pour bien commencer cette nouvelle ann\u00e9e, je viens vous annoncer quelques nouveaut\u00e9s sur le site.<\/p>\n<p>Les rappels ont \u00e9t\u00e9 int\u00e9gr\u00e9, ce qui signifie que d\u00e9sormais, vous n&rsquo;aurez plus aucune excuse de manquer vos r\u00e9visions annuelles, ou encore certains entretiens de votre v\u00e9hicule!<\/p>\n<p>Pour cela, le menu du site \u00e9volue pour vous indiquez le nombre de notifications disponible et vous donner un acc\u00e8s direct \u00e0 la gestion des rappels.<\/p>\n<p><a href=\"http:\/\/frais-mobilite.com\/blog\/v3-1-0-les-rappels-et-notifications\/frais-mobilite-web_v3-1-0-notif1\/\" rel=\"attachment wp-att-115\"><img loading=\"lazy\" decoding=\"async\" class=\"aligncenter size-full wp-image-115\" alt=\"frais-mobilite-web_V3.1.0-notif1\" src=\"http:\/\/frais-mobilite.com\/blog\/wp-content\/uploads\/2013\/01\/frais-mobilite-web_V3.1.0-notif1.jpg\" width=\"482\" height=\"88\" srcset=\"http:\/\/frais-mobilite.com\/blog\/wp-content\/uploads\/2013\/01\/frais-mobilite-web_V3.1.0-notif1.jpg 482w, http:\/\/frais-mobilite.com\/blog\/wp-content\/uploads\/2013\/01\/frais-mobilite-web_V3.1.0-notif1-300x54.jpg 300w\" sizes=\"(max-width: 482px) 100vw, 482px\" \/><\/a><\/p>\n<p>&nbsp;<\/p>\n<p>Une fois que vous aurez cliqu\u00e9 sur ce bouton, les notifications apparaissent.<\/p>\n<p>Vous noterez, en orange, une notification qui est programm\u00e9e par l&rsquo;\u00e9quipe du site pour vous informer de nouveaut\u00e9s, de corrections de bugs et autres.<\/p>\n<p>Juste en dessous, une notification concernant la r\u00e9vision de ma moto \u00e0 faire au plus vite \ud83d\ude42 Une fois que vous avez pris connaissance de la notification, vous pouvez la supprimer par la petite croix ou la laisser pour vous en souvenir.<\/p>\n<p>Je ne vous en dit pas plus et vous laisse d\u00e9couvrir cette fonctionnalit\u00e9 ! (PS : dans la FAQ il y a quelques informations sur la gestion des rappels si vous le souhaitez : <a href=\"http:\/\/frais-mobilite.com\/index.php?page=faq#rappel\">c&rsquo;est par ici<\/a>).<\/p>\n<p>&nbsp;<\/p>\n<p><a href=\"http:\/\/frais-mobilite.com\/blog\/v3-1-0-les-rappels-et-notifications\/frais-mobilite-web_v3-1-0-notif2\/\" rel=\"attachment wp-att-116\"><img loading=\"lazy\" decoding=\"async\" class=\"aligncenter size-large wp-image-116\" alt=\"frais-mobilite-web_V3.1.0-notif2\" src=\"http:\/\/frais-mobilite.com\/blog\/wp-content\/uploads\/2013\/01\/frais-mobilite-web_V3.1.0-notif2.jpg\" width=\"472\" height=\"423\" srcset=\"http:\/\/frais-mobilite.com\/blog\/wp-content\/uploads\/2013\/01\/frais-mobilite-web_V3.1.0-notif2.jpg 472w, http:\/\/frais-mobilite.com\/blog\/wp-content\/uploads\/2013\/01\/frais-mobilite-web_V3.1.0-notif2-300x268.jpg 300w\" sizes=\"(max-width: 472px) 100vw, 472px\" \/><\/a><\/p>\n<p>&nbsp;<\/p>\n<p>&nbsp;<\/p>\n<p>Ce n&rsquo;est bien sur pas la seule nouveaut\u00e9 de cette version! Vous trouverez \u00e9galement :<\/p>\n<ul>\n<li>Ajout du kilom\u00e9trage moyen entre deux pleins dans la synth\u00e8se<\/li>\n<li>Ajout d&rsquo;une page de d\u00e9connexion afin de mettre en avant les applications mobiles<\/li>\n<li>Ajout des statistiques du site sur la page d&rsquo;accueil<\/li>\n<li>\n<div>Modification de la conso par station : en fait la conso sur un plein donn\u00e9 correspond \u00e0 la station du plein pr\u00e9c\u00e9dent!<\/div>\n<\/li>\n<li>\n<div>Gestion d&rsquo;avertissement en ajout de plein sur le kilom\u00e9trage s&rsquo;il est inf\u00e9rieur au kilom\u00e9trage actuel du v\u00e9hicule<\/div>\n<\/li>\n<\/ul>\n<p>&nbsp;<\/p>\n<p>Plus d&rsquo;informations, dans le <a href=\"http:\/\/frais-mobilite.com\/index.php?page=changelog#v310\">changelog<\/a>.<\/p>\n<p>A tr\u00e8s bient\u00f4t!<\/p>\n","protected":false},"excerpt":{"rendered":"<p>Bonjour \u00e0 tous et bonne ann\u00e9e! &nbsp; Pour bien commencer cette nouvelle ann\u00e9e, je viens vous annoncer quelques nouveaut\u00e9s sur le site. Les rappels ont \u00e9t\u00e9 int\u00e9gr\u00e9, ce qui signifie que d\u00e9sormais, vous n&rsquo;aurez plus aucune excuse de manquer vos r\u00e9visions annuelles, ou encore certains entretiens de votre v\u00e9hicule! Pour cela, le menu du site [&hellip;]<\/p>\n","protected":false},"author":1,"featured_media":0,"comment_status":"open","ping_status":"open","sticky":false,"template":"","format":"standard","meta":{"_monsterinsights_skip_tracking":false,"_monsterinsights_sitenote_active":false,"_monsterinsights_sitenote_note":"","_monsterinsights_sitenote_category":0,"jetpack_post_was_ever_published":false,"_jetpack_newsletter_access":"","_jetpack_dont_email_post_to_subs":false,"_jetpack_newsletter_tier_id":0,"_jetpack_memberships_contains_paywalled_content":false,"_jetpack_memberships_contains_paid_content":false,"footnotes":"","jetpack_publicize_message":"","jetpack_publicize_feature_enabled":true,"jetpack_social_post_already_shared":false,"jetpack_social_options":{"image_generator_settings":{"template":"highway","enabled":false},"version":2}},"categories":[5,3],"tags":[],"class_list":["post-114","post","type-post","status-publish","format-standard","hentry","category-evolutions","category-nouveautes"],"jetpack_publicize_connections":[],"jetpack_featured_media_url":"","jetpack_sharing_enabled":true,"jetpack_shortlink":"https:\/\/wp.me\/p6YVWK-1Q","_links":{"self":[{"href":"http:\/\/frais-mobilite.com\/blog\/wp-json\/wp\/v2\/posts\/114"}],"collection":[{"href":"http:\/\/frais-mobilite.com\/blog\/wp-json\/wp\/v2\/posts"}],"about":[{"href":"http:\/\/frais-mobilite.com\/blog\/wp-json\/wp\/v2\/types\/post"}],"author":[{"embeddable":true,"href":"http:\/\/frais-mobilite.com\/blog\/wp-json\/wp\/v2\/users\/1"}],"replies":[{"embeddable":true,"href":"http:\/\/frais-mobilite.com\/blog\/wp-json\/wp\/v2\/comments?post=114"}],"version-history":[{"count":3,"href":"http:\/\/frais-mobilite.com\/blog\/wp-json\/wp\/v2\/posts\/114\/revisions"}],"predecessor-version":[{"id":119,"href":"http:\/\/frais-mobilite.com\/blog\/wp-json\/wp\/v2\/posts\/114\/revisions\/119"}],"wp:attachment":[{"href":"http:\/\/frais-mobilite.com\/blog\/wp-json\/wp\/v2\/media?parent=114"}],"wp:term":[{"taxonomy":"category","embeddable":true,"href":"http:\/\/frais-mobilite.com\/blog\/wp-json\/wp\/v2\/categories?post=114"},{"taxonomy":"post_tag","embeddable":true,"href":"http:\/\/frais-mobilite.com\/blog\/wp-json\/wp\/v2\/tags?post=114"}],"curies":[{"name":"wp","href":"https:\/\/api.w.org\/{rel}","templated":true}]}}