{"id":122,"date":"2013-04-19T21:32:26","date_gmt":"2013-04-19T21:32:26","guid":{"rendered":"http:\/\/frais-mobilite.com\/blog\/?p=122"},"modified":"2013-04-19T21:59:53","modified_gmt":"2013-04-19T21:59:53","slug":"v3-2-0-nouvelle-version-mobile-et-nouveau-logo","status":"publish","type":"post","link":"http:\/\/frais-mobilite.com\/blog\/v3-2-0-nouvelle-version-mobile-et-nouveau-logo\/","title":{"rendered":"V3.2.0 : nouvelle version mobile et nouveau logo et nouveau design du blog!"},"content":{"rendered":"<p style=\"text-align: center;\"><a href=\"http:\/\/frais-mobilite.com\/blog\/v3-2-0-nouvelle-version-mobile-et-nouveau-logo\/icon\/\" rel=\"attachment wp-att-123\"><img loading=\"lazy\" decoding=\"async\" class=\"aligncenter  wp-image-123\" alt=\"icon\" src=\"http:\/\/frais-mobilite.com\/blog\/wp-content\/uploads\/2013\/04\/icon.png\" width=\"172\" height=\"172\" srcset=\"http:\/\/frais-mobilite.com\/blog\/wp-content\/uploads\/2013\/04\/icon.png 358w, http:\/\/frais-mobilite.com\/blog\/wp-content\/uploads\/2013\/04\/icon-150x150.png 150w, http:\/\/frais-mobilite.com\/blog\/wp-content\/uploads\/2013\/04\/icon-300x300.png 300w\" sizes=\"(max-width: 172px) 100vw, 172px\" \/><\/a><\/p>\n<p>\u00a0Apr\u00e8s quelques mois sans \u00e9volutions, j&rsquo;ai d\u00e9sormais un peu plus de temps \u00e0 accorder \u00e0 ce site. Le rythme devrait donc reprendre tel que je l&rsquo;avais laiss\u00e9, c&rsquo;est \u00e0 dire 1 nouvelle version mineure par mois et si possible 1 version majeure par an ou 2 selon les besoins!<\/p>\n<p>J&rsquo;en profites pour vous pr\u00e9senter le nouveau logo qui remplace le tristounet panneau de pompe pour la nouvelle version!<\/p>\n<p>Au passage, vous aurez tr\u00e8s s\u00fbrement remarqu\u00e9 que le blog fait peau neuve avec un design plus simple et moins\u00a0fouillis!<\/p>\n<p>Vous trouverez \u00e9galement quelques nouveaut\u00e9s d&rsquo;ordre ergonomique dans l&rsquo;application mobile (ordre des pleins invers\u00e9 par exemple pour faciliter la lecture) mais aussi des nouvelles\u00a0ic\u00f4nes, des corrections de bugs etc&#8230;<\/p>\n<p>Ce n&rsquo;est pas une version majeure donc ne vous attendez pas \u00e0 la lune mais je vous pr\u00e9pare une belle grosse version 2 qui devrait vous en mettre plein les yeux!!<\/p>\n","protected":false},"excerpt":{"rendered":"<p>\u00a0Apr\u00e8s quelques mois sans \u00e9volutions, j&rsquo;ai d\u00e9sormais un peu plus de temps \u00e0 accorder \u00e0 ce site. Le rythme devrait donc reprendre tel que je l&rsquo;avais laiss\u00e9, c&rsquo;est \u00e0 dire 1 nouvelle version mineure par mois et si possible 1 version majeure par an ou 2 selon les besoins! J&rsquo;en profites pour vous pr\u00e9senter le [&hellip;]<\/p>\n","protected":false},"author":1,"featured_media":0,"comment_status":"open","ping_status":"open","sticky":false,"template":"","format":"standard","meta":{"_monsterinsights_skip_tracking":false,"_monsterinsights_sitenote_active":false,"_monsterinsights_sitenote_note":"","_monsterinsights_sitenote_category":0,"jetpack_post_was_ever_published":false,"_jetpack_newsletter_access":"","_jetpack_dont_email_post_to_subs":false,"_jetpack_newsletter_tier_id":0,"_jetpack_memberships_contains_paywalled_content":false,"_jetpack_memberships_contains_paid_content":false,"footnotes":"","jetpack_publicize_message":"","jetpack_publicize_feature_enabled":true,"jetpack_social_post_already_shared":false,"jetpack_social_options":{"image_generator_settings":{"template":"highway","enabled":false},"version":2}},"categories":[4,3],"tags":[],"class_list":["post-122","post","type-post","status-publish","format-standard","hentry","category-corrections-de-bugs","category-nouveautes"],"jetpack_publicize_connections":[],"jetpack_featured_media_url":"","jetpack_sharing_enabled":true,"jetpack_shortlink":"https:\/\/wp.me\/p6YVWK-1Y","_links":{"self":[{"href":"http:\/\/frais-mobilite.com\/blog\/wp-json\/wp\/v2\/posts\/122"}],"collection":[{"href":"http:\/\/frais-mobilite.com\/blog\/wp-json\/wp\/v2\/posts"}],"about":[{"href":"http:\/\/frais-mobilite.com\/blog\/wp-json\/wp\/v2\/types\/post"}],"author":[{"embeddable":true,"href":"http:\/\/frais-mobilite.com\/blog\/wp-json\/wp\/v2\/users\/1"}],"replies":[{"embeddable":true,"href":"http:\/\/frais-mobilite.com\/blog\/wp-json\/wp\/v2\/comments?post=122"}],"version-history":[{"count":7,"href":"http:\/\/frais-mobilite.com\/blog\/wp-json\/wp\/v2\/posts\/122\/revisions"}],"predecessor-version":[{"id":128,"href":"http:\/\/frais-mobilite.com\/blog\/wp-json\/wp\/v2\/posts\/122\/revisions\/128"}],"wp:attachment":[{"href":"http:\/\/frais-mobilite.com\/blog\/wp-json\/wp\/v2\/media?parent=122"}],"wp:term":[{"taxonomy":"category","embeddable":true,"href":"http:\/\/frais-mobilite.com\/blog\/wp-json\/wp\/v2\/categories?post=122"},{"taxonomy":"post_tag","embeddable":true,"href":"http:\/\/frais-mobilite.com\/blog\/wp-json\/wp\/v2\/tags?post=122"}],"curies":[{"name":"wp","href":"https:\/\/api.w.org\/{rel}","templated":true}]}}