{"id":145,"date":"2013-06-13T21:20:35","date_gmt":"2013-06-13T21:20:35","guid":{"rendered":"http:\/\/frais-mobilite.com\/blog\/?p=145"},"modified":"2024-09-05T12:24:23","modified_gmt":"2024-09-05T12:24:23","slug":"v-3-2-3-nouvelle-version-et-v-2-0-0-mobile","status":"publish","type":"post","link":"http:\/\/frais-mobilite.com\/blog\/v-3-2-3-nouvelle-version-et-v-2-0-0-mobile\/","title":{"rendered":"V 3.2.3 : nouvelle version et V 2.0.0 mobile !!"},"content":{"rendered":"<p>Bonsoir \u00e0 tous chers utilisateurs!<\/p>\n<p>Aujourd&rsquo;hui, vous pouvez enfin consulter vos autres d\u00e9penses ainsi que la synth\u00e8se directement sur votre smartphone! Pensez \u00e0 faire la mise \u00e0 jour \u00e0 partir <a href=\"http:\/\/frais-mobilite.com\/index.php?page=download\">de cette page<\/a>.<\/p>\n<p><a href=\"http:\/\/frais-mobilite.com\/blog\/wp-content\/uploads\/2013\/06\/mobile_V2_placeit.png\"><img loading=\"lazy\" decoding=\"async\" class=\"aligncenter size-large wp-image-146\" alt=\"mobile_V2_placeit\" src=\"http:\/\/frais-mobilite.com\/blog\/wp-content\/uploads\/2013\/06\/mobile_V2_placeit-561x1024.png\" width=\"561\" height=\"1024\" srcset=\"http:\/\/frais-mobilite.com\/blog\/wp-content\/uploads\/2013\/06\/mobile_V2_placeit-561x1024.png 561w, http:\/\/frais-mobilite.com\/blog\/wp-content\/uploads\/2013\/06\/mobile_V2_placeit-164x300.png 164w, http:\/\/frais-mobilite.com\/blog\/wp-content\/uploads\/2013\/06\/mobile_V2_placeit.png 768w\" sizes=\"(max-width: 561px) 100vw, 561px\" \/><\/a><\/p>\n<p>De plus, les notifications sont \u00e9galement pr\u00e9sentes dans la nouvelle version mobile.<\/p>\n<p>Enfin, vous disposez d\u00e9sormais de fonctionnalit\u00e9s de r\u00e9p\u00e9titions sur vos notifications. Pour en savoir plus, rendez-vous dans la FAQ!<\/p>\n<p>&nbsp;<\/p>\n<p>Je vous laisse d\u00e9couvrir le reste par vous-m\u00eame \ud83d\ude09 (<a href=\"http:\/\/frais-mobilite.com\/index.php?page=changelog#v323\">changelog de cette version<\/a>)<\/p>\n","protected":false},"excerpt":{"rendered":"<p>Bonsoir \u00e0 tous chers utilisateurs! Aujourd&rsquo;hui, vous pouvez enfin consulter vos autres d\u00e9penses ainsi que la synth\u00e8se directement sur votre smartphone! Pensez \u00e0 faire la mise \u00e0 jour \u00e0 partir de cette page. De plus, les notifications sont \u00e9galement pr\u00e9sentes dans la nouvelle version mobile. Enfin, vous disposez d\u00e9sormais de fonctionnalit\u00e9s de r\u00e9p\u00e9titions sur vos [&hellip;]<\/p>\n","protected":false},"author":1,"featured_media":0,"comment_status":"closed","ping_status":"open","sticky":false,"template":"","format":"standard","meta":{"_monsterinsights_skip_tracking":false,"_monsterinsights_sitenote_active":false,"_monsterinsights_sitenote_note":"","_monsterinsights_sitenote_category":0,"jetpack_post_was_ever_published":false,"_jetpack_newsletter_access":"","_jetpack_dont_email_post_to_subs":false,"_jetpack_newsletter_tier_id":0,"_jetpack_memberships_contains_paywalled_content":false,"_jetpack_memberships_contains_paid_content":false,"footnotes":"","jetpack_publicize_message":"","jetpack_publicize_feature_enabled":true,"jetpack_social_post_already_shared":false,"jetpack_social_options":{"image_generator_settings":{"template":"highway","enabled":false},"version":2}},"categories":[5,3,6],"tags":[],"class_list":["post-145","post","type-post","status-publish","format-standard","hentry","category-evolutions","category-nouveautes","category-vie-du-site"],"jetpack_publicize_connections":[],"jetpack_featured_media_url":"","jetpack_sharing_enabled":true,"jetpack_shortlink":"https:\/\/wp.me\/p6YVWK-2l","_links":{"self":[{"href":"http:\/\/frais-mobilite.com\/blog\/wp-json\/wp\/v2\/posts\/145"}],"collection":[{"href":"http:\/\/frais-mobilite.com\/blog\/wp-json\/wp\/v2\/posts"}],"about":[{"href":"http:\/\/frais-mobilite.com\/blog\/wp-json\/wp\/v2\/types\/post"}],"author":[{"embeddable":true,"href":"http:\/\/frais-mobilite.com\/blog\/wp-json\/wp\/v2\/users\/1"}],"replies":[{"embeddable":true,"href":"http:\/\/frais-mobilite.com\/blog\/wp-json\/wp\/v2\/comments?post=145"}],"version-history":[{"count":5,"href":"http:\/\/frais-mobilite.com\/blog\/wp-json\/wp\/v2\/posts\/145\/revisions"}],"predecessor-version":[{"id":301,"href":"http:\/\/frais-mobilite.com\/blog\/wp-json\/wp\/v2\/posts\/145\/revisions\/301"}],"wp:attachment":[{"href":"http:\/\/frais-mobilite.com\/blog\/wp-json\/wp\/v2\/media?parent=145"}],"wp:term":[{"taxonomy":"category","embeddable":true,"href":"http:\/\/frais-mobilite.com\/blog\/wp-json\/wp\/v2\/categories?post=145"},{"taxonomy":"post_tag","embeddable":true,"href":"http:\/\/frais-mobilite.com\/blog\/wp-json\/wp\/v2\/tags?post=145"}],"curies":[{"name":"wp","href":"https:\/\/api.w.org\/{rel}","templated":true}]}}