{"id":152,"date":"2013-08-29T11:14:21","date_gmt":"2013-08-29T11:14:21","guid":{"rendered":"http:\/\/frais-mobilite.com\/blog\/?p=152"},"modified":"2024-09-05T12:24:23","modified_gmt":"2024-09-05T12:24:23","slug":"suspens","status":"publish","type":"post","link":"http:\/\/frais-mobilite.com\/blog\/suspens\/","title":{"rendered":"Suspens !"},"content":{"rendered":"<p>Bonjour \u00e0 tous!<\/p>\n<p>Un peu de nouveaut\u00e9 autour du site qui concerne une partie des utilisateurs, je ne vous en dit pas plus !<\/p>\n<p><a href=\"http:\/\/frais-mobilite.com\/blog\/wp-content\/uploads\/2013\/08\/trailer_google_play.png\"><img loading=\"lazy\" decoding=\"async\" class=\"aligncenter size-full wp-image-155\" alt=\"trailer_google_play\" src=\"http:\/\/frais-mobilite.com\/blog\/wp-content\/uploads\/2013\/08\/trailer_google_play.png\" width=\"800\" height=\"600\" srcset=\"http:\/\/frais-mobilite.com\/blog\/wp-content\/uploads\/2013\/08\/trailer_google_play.png 800w, http:\/\/frais-mobilite.com\/blog\/wp-content\/uploads\/2013\/08\/trailer_google_play-300x225.png 300w\" sizes=\"(max-width: 800px) 100vw, 800px\" \/><\/a><\/p>\n<p>Je vous pr\u00e9pare \u00e9galement une nouvelle version qui am\u00e8nera des corrections de bugs et quelques nouvelles fonctionnalit\u00e9s.<\/p>\n<p>A bient\u00f4t!<\/p>\n<p>&nbsp;<\/p>\n<p>PS : pour ceux qui n&rsquo;auraient pas trouv\u00e9 : la version mobile Android va \u00eatre publi\u00e9e sur Google Play. Pour l&rsquo;instant vous ne pouvez pas la voir car elle est en version b\u00eata, vous serez pr\u00e9venu d\u00e8s qu&rsquo;elle est dispo via la newsletter.<\/p>\n","protected":false},"excerpt":{"rendered":"<p>Bonjour \u00e0 tous! Un peu de nouveaut\u00e9 autour du site qui concerne une partie des utilisateurs, je ne vous en dit pas plus ! Je vous pr\u00e9pare \u00e9galement une nouvelle version qui am\u00e8nera des corrections de bugs et quelques nouvelles fonctionnalit\u00e9s. A bient\u00f4t! &nbsp; PS : pour ceux qui n&rsquo;auraient pas trouv\u00e9 : la version [&hellip;]<\/p>\n","protected":false},"author":1,"featured_media":0,"comment_status":"closed","ping_status":"open","sticky":false,"template":"","format":"standard","meta":{"_monsterinsights_skip_tracking":false,"_monsterinsights_sitenote_active":false,"_monsterinsights_sitenote_note":"","_monsterinsights_sitenote_category":0,"jetpack_post_was_ever_published":false,"_jetpack_newsletter_access":"","_jetpack_dont_email_post_to_subs":false,"_jetpack_newsletter_tier_id":0,"_jetpack_memberships_contains_paywalled_content":false,"_jetpack_memberships_contains_paid_content":false,"footnotes":"","jetpack_publicize_message":"","jetpack_publicize_feature_enabled":true,"jetpack_social_post_already_shared":false,"jetpack_social_options":{"image_generator_settings":{"template":"highway","enabled":false},"version":2}},"categories":[3],"tags":[],"class_list":["post-152","post","type-post","status-publish","format-standard","hentry","category-nouveautes"],"jetpack_publicize_connections":[],"jetpack_featured_media_url":"","jetpack_sharing_enabled":true,"jetpack_shortlink":"https:\/\/wp.me\/s6YVWK-suspens","_links":{"self":[{"href":"http:\/\/frais-mobilite.com\/blog\/wp-json\/wp\/v2\/posts\/152"}],"collection":[{"href":"http:\/\/frais-mobilite.com\/blog\/wp-json\/wp\/v2\/posts"}],"about":[{"href":"http:\/\/frais-mobilite.com\/blog\/wp-json\/wp\/v2\/types\/post"}],"author":[{"embeddable":true,"href":"http:\/\/frais-mobilite.com\/blog\/wp-json\/wp\/v2\/users\/1"}],"replies":[{"embeddable":true,"href":"http:\/\/frais-mobilite.com\/blog\/wp-json\/wp\/v2\/comments?post=152"}],"version-history":[{"count":7,"href":"http:\/\/frais-mobilite.com\/blog\/wp-json\/wp\/v2\/posts\/152\/revisions"}],"predecessor-version":[{"id":164,"href":"http:\/\/frais-mobilite.com\/blog\/wp-json\/wp\/v2\/posts\/152\/revisions\/164"}],"wp:attachment":[{"href":"http:\/\/frais-mobilite.com\/blog\/wp-json\/wp\/v2\/media?parent=152"}],"wp:term":[{"taxonomy":"category","embeddable":true,"href":"http:\/\/frais-mobilite.com\/blog\/wp-json\/wp\/v2\/categories?post=152"},{"taxonomy":"post_tag","embeddable":true,"href":"http:\/\/frais-mobilite.com\/blog\/wp-json\/wp\/v2\/tags?post=152"}],"curies":[{"name":"wp","href":"https:\/\/api.w.org\/{rel}","templated":true}]}}