{"id":165,"date":"2013-09-01T16:40:15","date_gmt":"2013-09-01T16:40:15","guid":{"rendered":"http:\/\/frais-mobilite.com\/blog\/?p=165"},"modified":"2024-09-05T12:24:23","modified_gmt":"2024-09-05T12:24:23","slug":"v-3-2-4-premiers-pas-vers-linternationalisation","status":"publish","type":"post","link":"http:\/\/frais-mobilite.com\/blog\/v-3-2-4-premiers-pas-vers-linternationalisation\/","title":{"rendered":"V 3.2.4 : premiers pas vers l&rsquo;internationalisation!"},"content":{"rendered":"<p>Bonjour!<\/p>\n<p>&nbsp;<\/p>\n<p>En ce premier jour du mois de septembre j&rsquo;ai d\u00e9cid\u00e9 de vous faire profiter d&rsquo;une belle mise \u00e0 jour aussi bien du site que de l&rsquo;application mobile.<\/p>\n<p>Sur le site nous trouverons d\u00e9sormais un choix entre diff\u00e9rentes monnaies afin de satisfaire tous les pays utilisateurs, la prochaine \u00e9tape \u00e9tant la traduction du site dans diff\u00e9rentes langues mais l\u00e0, \u00e7a va prendre plus de temps!<\/p>\n<p>L&rsquo;autre grande nouvelle concerne l&rsquo;application mobile qui est d\u00e9sormais totalement autonome et ne n\u00e9cessite plus de se connecter au site pour cr\u00e9er un compte ou un v\u00e9hicule. Les graphiques sont toujours disponibles exclusivement sur le PC mais d&rsquo;ici quelques temps ils devraient \u00eatre dispo sur les mobiles \u00e9galement.<\/p>\n<p>&nbsp;<\/p>\n<p>Voil\u00e0, pensez \u00e0 mettre \u00e0 jour vos applis mobiles et profitez-en bien!<\/p>\n","protected":false},"excerpt":{"rendered":"<p>Bonjour! &nbsp; En ce premier jour du mois de septembre j&rsquo;ai d\u00e9cid\u00e9 de vous faire profiter d&rsquo;une belle mise \u00e0 jour aussi bien du site que de l&rsquo;application mobile. Sur le site nous trouverons d\u00e9sormais un choix entre diff\u00e9rentes monnaies afin de satisfaire tous les pays utilisateurs, la prochaine \u00e9tape \u00e9tant la traduction du site [&hellip;]<\/p>\n","protected":false},"author":1,"featured_media":0,"comment_status":"closed","ping_status":"open","sticky":false,"template":"","format":"standard","meta":{"_monsterinsights_skip_tracking":false,"_monsterinsights_sitenote_active":false,"_monsterinsights_sitenote_note":"","_monsterinsights_sitenote_category":0,"jetpack_post_was_ever_published":false,"_jetpack_newsletter_access":"","_jetpack_dont_email_post_to_subs":false,"_jetpack_newsletter_tier_id":0,"_jetpack_memberships_contains_paywalled_content":false,"_jetpack_memberships_contains_paid_content":false,"footnotes":"","jetpack_publicize_message":"","jetpack_publicize_feature_enabled":true,"jetpack_social_post_already_shared":false,"jetpack_social_options":{"image_generator_settings":{"template":"highway","enabled":false},"version":2}},"categories":[4,5,3],"tags":[],"class_list":["post-165","post","type-post","status-publish","format-standard","hentry","category-corrections-de-bugs","category-evolutions","category-nouveautes"],"jetpack_publicize_connections":[],"jetpack_featured_media_url":"","jetpack_sharing_enabled":true,"jetpack_shortlink":"https:\/\/wp.me\/p6YVWK-2F","_links":{"self":[{"href":"http:\/\/frais-mobilite.com\/blog\/wp-json\/wp\/v2\/posts\/165"}],"collection":[{"href":"http:\/\/frais-mobilite.com\/blog\/wp-json\/wp\/v2\/posts"}],"about":[{"href":"http:\/\/frais-mobilite.com\/blog\/wp-json\/wp\/v2\/types\/post"}],"author":[{"embeddable":true,"href":"http:\/\/frais-mobilite.com\/blog\/wp-json\/wp\/v2\/users\/1"}],"replies":[{"embeddable":true,"href":"http:\/\/frais-mobilite.com\/blog\/wp-json\/wp\/v2\/comments?post=165"}],"version-history":[{"count":1,"href":"http:\/\/frais-mobilite.com\/blog\/wp-json\/wp\/v2\/posts\/165\/revisions"}],"predecessor-version":[{"id":166,"href":"http:\/\/frais-mobilite.com\/blog\/wp-json\/wp\/v2\/posts\/165\/revisions\/166"}],"wp:attachment":[{"href":"http:\/\/frais-mobilite.com\/blog\/wp-json\/wp\/v2\/media?parent=165"}],"wp:term":[{"taxonomy":"category","embeddable":true,"href":"http:\/\/frais-mobilite.com\/blog\/wp-json\/wp\/v2\/categories?post=165"},{"taxonomy":"post_tag","embeddable":true,"href":"http:\/\/frais-mobilite.com\/blog\/wp-json\/wp\/v2\/tags?post=165"}],"curies":[{"name":"wp","href":"https:\/\/api.w.org\/{rel}","templated":true}]}}