{"id":169,"date":"2013-09-29T16:47:08","date_gmt":"2013-09-29T16:47:08","guid":{"rendered":"http:\/\/frais-mobilite.com\/blog\/?p=169"},"modified":"2024-09-05T12:24:23","modified_gmt":"2024-09-05T12:24:23","slug":"application-mobile-v-2-2-0-de-sortie","status":"publish","type":"post","link":"http:\/\/frais-mobilite.com\/blog\/application-mobile-v-2-2-0-de-sortie\/","title":{"rendered":"Application mobile v 2.2.0 de sortie!"},"content":{"rendered":"<p>Bonsoir!<\/p>\n<p>&nbsp;<\/p>\n<p>Une nouvelle version de l&rsquo;application mobile (et du site mobile \u00e9galement) vient d&rsquo;\u00eatre rendue disponible. Pour ceux qui utilisent Android, un peu de patience, la mise \u00e0 jour devrait vous \u00eatre propos\u00e9e d&rsquo;ici quelques heures.<\/p>\n<p>La principale modification concerne l&rsquo;ajout de d\u00e9penses depuis l&rsquo;application.<\/p>\n<p><a href=\"http:\/\/frais-mobilite.com\/blog\/wp-content\/uploads\/2013\/09\/2013-09-29-16.50.06.png\"><img loading=\"lazy\" decoding=\"async\" class=\"aligncenter size-full wp-image-171\" alt=\"2013-09-29 16.50.06\" src=\"http:\/\/frais-mobilite.com\/blog\/wp-content\/uploads\/2013\/09\/2013-09-29-16.50.06.png\" width=\"768\" height=\"396\" srcset=\"http:\/\/frais-mobilite.com\/blog\/wp-content\/uploads\/2013\/09\/2013-09-29-16.50.06.png 768w, http:\/\/frais-mobilite.com\/blog\/wp-content\/uploads\/2013\/09\/2013-09-29-16.50.06-300x154.png 300w\" sizes=\"(max-width: 768px) 100vw, 768px\" \/><\/a><\/p>\n<p>Je continue d&rsquo;am\u00e9liorer l&rsquo;ergonomie ainsi que les performances et vous pr\u00e9pare une belle version pour la fin de l&rsquo;ann\u00e9e \ud83d\ude09<\/p>\n<p>A bient\u00f4t et merci d&rsquo;\u00eatre de plus en plus nombreux \u00e0 utiliser le site et les applications!<\/p>\n","protected":false},"excerpt":{"rendered":"<p>Bonsoir! &nbsp; Une nouvelle version de l&rsquo;application mobile (et du site mobile \u00e9galement) vient d&rsquo;\u00eatre rendue disponible. Pour ceux qui utilisent Android, un peu de patience, la mise \u00e0 jour devrait vous \u00eatre propos\u00e9e d&rsquo;ici quelques heures. La principale modification concerne l&rsquo;ajout de d\u00e9penses depuis l&rsquo;application. Je continue d&rsquo;am\u00e9liorer l&rsquo;ergonomie ainsi que les performances et [&hellip;]<\/p>\n","protected":false},"author":1,"featured_media":0,"comment_status":"closed","ping_status":"open","sticky":false,"template":"","format":"standard","meta":{"_monsterinsights_skip_tracking":false,"_monsterinsights_sitenote_active":false,"_monsterinsights_sitenote_note":"","_monsterinsights_sitenote_category":0,"jetpack_post_was_ever_published":false,"_jetpack_newsletter_access":"","_jetpack_dont_email_post_to_subs":false,"_jetpack_newsletter_tier_id":0,"_jetpack_memberships_contains_paywalled_content":false,"_jetpack_memberships_contains_paid_content":false,"footnotes":"","jetpack_publicize_message":"","jetpack_publicize_feature_enabled":true,"jetpack_social_post_already_shared":false,"jetpack_social_options":{"image_generator_settings":{"template":"highway","enabled":false},"version":2}},"categories":[5,3],"tags":[],"class_list":["post-169","post","type-post","status-publish","format-standard","hentry","category-evolutions","category-nouveautes"],"jetpack_publicize_connections":[],"jetpack_featured_media_url":"","jetpack_sharing_enabled":true,"jetpack_shortlink":"https:\/\/wp.me\/p6YVWK-2J","_links":{"self":[{"href":"http:\/\/frais-mobilite.com\/blog\/wp-json\/wp\/v2\/posts\/169"}],"collection":[{"href":"http:\/\/frais-mobilite.com\/blog\/wp-json\/wp\/v2\/posts"}],"about":[{"href":"http:\/\/frais-mobilite.com\/blog\/wp-json\/wp\/v2\/types\/post"}],"author":[{"embeddable":true,"href":"http:\/\/frais-mobilite.com\/blog\/wp-json\/wp\/v2\/users\/1"}],"replies":[{"embeddable":true,"href":"http:\/\/frais-mobilite.com\/blog\/wp-json\/wp\/v2\/comments?post=169"}],"version-history":[{"count":2,"href":"http:\/\/frais-mobilite.com\/blog\/wp-json\/wp\/v2\/posts\/169\/revisions"}],"predecessor-version":[{"id":172,"href":"http:\/\/frais-mobilite.com\/blog\/wp-json\/wp\/v2\/posts\/169\/revisions\/172"}],"wp:attachment":[{"href":"http:\/\/frais-mobilite.com\/blog\/wp-json\/wp\/v2\/media?parent=169"}],"wp:term":[{"taxonomy":"category","embeddable":true,"href":"http:\/\/frais-mobilite.com\/blog\/wp-json\/wp\/v2\/categories?post=169"},{"taxonomy":"post_tag","embeddable":true,"href":"http:\/\/frais-mobilite.com\/blog\/wp-json\/wp\/v2\/tags?post=169"}],"curies":[{"name":"wp","href":"https:\/\/api.w.org\/{rel}","templated":true}]}}