{"id":173,"date":"2013-10-09T19:16:27","date_gmt":"2013-10-09T19:16:27","guid":{"rendered":"http:\/\/frais-mobilite.com\/blog\/?p=173"},"modified":"2024-09-05T12:24:23","modified_gmt":"2024-09-05T12:24:23","slug":"application-mobile-v2-3-0-un-joli-calendrier","status":"publish","type":"post","link":"http:\/\/frais-mobilite.com\/blog\/application-mobile-v2-3-0-un-joli-calendrier\/","title":{"rendered":"Application mobile v2.3.0, un joli calendrier!"},"content":{"rendered":"<p>Bonsoir chers utilisateurs!<\/p>\n<p>&nbsp;<\/p>\n<p>Auparavant, sur les mobiles vous aviez surement quelques probl\u00e8mes pour saisir la date de votre plein ou celui d&rsquo;une nouvelle d\u00e9pense. Avec cette version, la saisie des dates a \u00e9t\u00e9 harmonis\u00e9e au travers d&rsquo;un calendrier commun \u00e0 tous les mobiles.<\/p>\n<p>Le voici :<\/p>\n<p><a href=\"http:\/\/frais-mobilite.com\/blog\/wp-content\/uploads\/2013\/10\/2013-10-09-18.29.53.png\"><img loading=\"lazy\" decoding=\"async\" class=\"aligncenter size-large wp-image-174\" alt=\"2013-10-09 18.29.53\" src=\"http:\/\/frais-mobilite.com\/blog\/wp-content\/uploads\/2013\/10\/2013-10-09-18.29.53-614x1024.png\" width=\"614\" height=\"1024\" srcset=\"http:\/\/frais-mobilite.com\/blog\/wp-content\/uploads\/2013\/10\/2013-10-09-18.29.53-614x1024.png 614w, http:\/\/frais-mobilite.com\/blog\/wp-content\/uploads\/2013\/10\/2013-10-09-18.29.53-180x300.png 180w, http:\/\/frais-mobilite.com\/blog\/wp-content\/uploads\/2013\/10\/2013-10-09-18.29.53.png 768w\" sizes=\"(max-width: 614px) 100vw, 614px\" \/><\/a><\/p>\n<p>&nbsp;<\/p>\n<p>&nbsp;<\/p>\n<p>Bonne utilisation!<\/p>\n<p>(Pour les utilisateurs de l&rsquo;application Android, comme d&rsquo;habitude vous recevrez cette mise \u00e0 jour automatiquement d&rsquo;ici quelques heures).<\/p>\n","protected":false},"excerpt":{"rendered":"<p>Bonsoir chers utilisateurs! &nbsp; Auparavant, sur les mobiles vous aviez surement quelques probl\u00e8mes pour saisir la date de votre plein ou celui d&rsquo;une nouvelle d\u00e9pense. Avec cette version, la saisie des dates a \u00e9t\u00e9 harmonis\u00e9e au travers d&rsquo;un calendrier commun \u00e0 tous les mobiles. Le voici : &nbsp; &nbsp; Bonne utilisation! (Pour les utilisateurs de [&hellip;]<\/p>\n","protected":false},"author":1,"featured_media":0,"comment_status":"closed","ping_status":"open","sticky":false,"template":"","format":"standard","meta":{"_monsterinsights_skip_tracking":false,"_monsterinsights_sitenote_active":false,"_monsterinsights_sitenote_note":"","_monsterinsights_sitenote_category":0,"jetpack_post_was_ever_published":false,"_jetpack_newsletter_access":"","_jetpack_dont_email_post_to_subs":false,"_jetpack_newsletter_tier_id":0,"_jetpack_memberships_contains_paywalled_content":false,"_jetpack_memberships_contains_paid_content":false,"footnotes":"","jetpack_publicize_message":"","jetpack_publicize_feature_enabled":true,"jetpack_social_post_already_shared":false,"jetpack_social_options":{"image_generator_settings":{"template":"highway","enabled":false},"version":2}},"categories":[5,3],"tags":[],"class_list":["post-173","post","type-post","status-publish","format-standard","hentry","category-evolutions","category-nouveautes"],"jetpack_publicize_connections":[],"jetpack_featured_media_url":"","jetpack_sharing_enabled":true,"jetpack_shortlink":"https:\/\/wp.me\/p6YVWK-2N","_links":{"self":[{"href":"http:\/\/frais-mobilite.com\/blog\/wp-json\/wp\/v2\/posts\/173"}],"collection":[{"href":"http:\/\/frais-mobilite.com\/blog\/wp-json\/wp\/v2\/posts"}],"about":[{"href":"http:\/\/frais-mobilite.com\/blog\/wp-json\/wp\/v2\/types\/post"}],"author":[{"embeddable":true,"href":"http:\/\/frais-mobilite.com\/blog\/wp-json\/wp\/v2\/users\/1"}],"replies":[{"embeddable":true,"href":"http:\/\/frais-mobilite.com\/blog\/wp-json\/wp\/v2\/comments?post=173"}],"version-history":[{"count":1,"href":"http:\/\/frais-mobilite.com\/blog\/wp-json\/wp\/v2\/posts\/173\/revisions"}],"predecessor-version":[{"id":175,"href":"http:\/\/frais-mobilite.com\/blog\/wp-json\/wp\/v2\/posts\/173\/revisions\/175"}],"wp:attachment":[{"href":"http:\/\/frais-mobilite.com\/blog\/wp-json\/wp\/v2\/media?parent=173"}],"wp:term":[{"taxonomy":"category","embeddable":true,"href":"http:\/\/frais-mobilite.com\/blog\/wp-json\/wp\/v2\/categories?post=173"},{"taxonomy":"post_tag","embeddable":true,"href":"http:\/\/frais-mobilite.com\/blog\/wp-json\/wp\/v2\/tags?post=173"}],"curies":[{"name":"wp","href":"https:\/\/api.w.org\/{rel}","templated":true}]}}