{"id":178,"date":"2014-01-22T22:27:03","date_gmt":"2014-01-22T22:27:03","guid":{"rendered":"http:\/\/frais-mobilite.com\/blog\/?p=178"},"modified":"2024-09-05T12:24:23","modified_gmt":"2024-09-05T12:24:23","slug":"v-3-2-5-vente-de-vehicule","status":"publish","type":"post","link":"http:\/\/frais-mobilite.com\/blog\/v-3-2-5-vente-de-vehicule\/","title":{"rendered":"V 3.2.5 : vente de v\u00e9hicule!"},"content":{"rendered":"<p>Bonjour \u00e0 tous,<\/p>\n<p>&nbsp;<\/p>\n<p>D\u00e9sormais, vous pouvez noter le prix de vente de votre v\u00e9hicule.<\/p>\n<p>Vous pourrez donc profiter d&rsquo;une synth\u00e8se plus compl\u00e8te et d&rsquo;un bilan financier qui tiendra compte de l&rsquo;achat ET de la vente de votre v\u00e9hicule.<\/p>\n<p>Un visuel de vente viendra se superposer \u00e0 l&rsquo;image de votre v\u00e9hicule sur la page d&rsquo;accueil (et sur la page publique de votre v\u00e9hicule si elle est activ\u00e9e).<\/p>\n<p><a href=\"http:\/\/frais-mobilite.com\/blog\/wp-content\/uploads\/2014\/01\/Capture-d\u2019\u00e9cran-2014-01-22-\u00e0-23.25.39.png\"><img loading=\"lazy\" decoding=\"async\" class=\"aligncenter size-full wp-image-179\" alt=\"Capture d\u2019\u00e9cran 2014-01-22 \u00e0 23.25.39\" src=\"http:\/\/frais-mobilite.com\/blog\/wp-content\/uploads\/2014\/01\/Capture-d\u2019\u00e9cran-2014-01-22-\u00e0-23.25.39.png\" width=\"420\" height=\"300\" srcset=\"http:\/\/frais-mobilite.com\/blog\/wp-content\/uploads\/2014\/01\/Capture-d\u2019\u00e9cran-2014-01-22-\u00e0-23.25.39.png 420w, http:\/\/frais-mobilite.com\/blog\/wp-content\/uploads\/2014\/01\/Capture-d\u2019\u00e9cran-2014-01-22-\u00e0-23.25.39-300x214.png 300w\" sizes=\"(max-width: 420px) 100vw, 420px\" \/><\/a><\/p>\n<p>Plus tard, vous pourrez d\u00e9finir une option de lecture seule sur toutes les donn\u00e9es de ce v\u00e9hicule.<\/p>\n","protected":false},"excerpt":{"rendered":"<p>Bonjour \u00e0 tous, &nbsp; D\u00e9sormais, vous pouvez noter le prix de vente de votre v\u00e9hicule. Vous pourrez donc profiter d&rsquo;une synth\u00e8se plus compl\u00e8te et d&rsquo;un bilan financier qui tiendra compte de l&rsquo;achat ET de la vente de votre v\u00e9hicule. Un visuel de vente viendra se superposer \u00e0 l&rsquo;image de votre v\u00e9hicule sur la page d&rsquo;accueil [&hellip;]<\/p>\n","protected":false},"author":1,"featured_media":0,"comment_status":"closed","ping_status":"open","sticky":false,"template":"","format":"standard","meta":{"_monsterinsights_skip_tracking":false,"_monsterinsights_sitenote_active":false,"_monsterinsights_sitenote_note":"","_monsterinsights_sitenote_category":0,"jetpack_post_was_ever_published":false,"_jetpack_newsletter_access":"","_jetpack_dont_email_post_to_subs":false,"_jetpack_newsletter_tier_id":0,"_jetpack_memberships_contains_paywalled_content":false,"_jetpack_memberships_contains_paid_content":false,"footnotes":"","jetpack_publicize_message":"","jetpack_publicize_feature_enabled":true,"jetpack_social_post_already_shared":false,"jetpack_social_options":{"image_generator_settings":{"template":"highway","enabled":false},"version":2}},"categories":[5,3],"tags":[],"class_list":["post-178","post","type-post","status-publish","format-standard","hentry","category-evolutions","category-nouveautes"],"jetpack_publicize_connections":[],"jetpack_featured_media_url":"","jetpack_sharing_enabled":true,"jetpack_shortlink":"https:\/\/wp.me\/p6YVWK-2S","_links":{"self":[{"href":"http:\/\/frais-mobilite.com\/blog\/wp-json\/wp\/v2\/posts\/178"}],"collection":[{"href":"http:\/\/frais-mobilite.com\/blog\/wp-json\/wp\/v2\/posts"}],"about":[{"href":"http:\/\/frais-mobilite.com\/blog\/wp-json\/wp\/v2\/types\/post"}],"author":[{"embeddable":true,"href":"http:\/\/frais-mobilite.com\/blog\/wp-json\/wp\/v2\/users\/1"}],"replies":[{"embeddable":true,"href":"http:\/\/frais-mobilite.com\/blog\/wp-json\/wp\/v2\/comments?post=178"}],"version-history":[{"count":1,"href":"http:\/\/frais-mobilite.com\/blog\/wp-json\/wp\/v2\/posts\/178\/revisions"}],"predecessor-version":[{"id":180,"href":"http:\/\/frais-mobilite.com\/blog\/wp-json\/wp\/v2\/posts\/178\/revisions\/180"}],"wp:attachment":[{"href":"http:\/\/frais-mobilite.com\/blog\/wp-json\/wp\/v2\/media?parent=178"}],"wp:term":[{"taxonomy":"category","embeddable":true,"href":"http:\/\/frais-mobilite.com\/blog\/wp-json\/wp\/v2\/categories?post=178"},{"taxonomy":"post_tag","embeddable":true,"href":"http:\/\/frais-mobilite.com\/blog\/wp-json\/wp\/v2\/tags?post=178"}],"curies":[{"name":"wp","href":"https:\/\/api.w.org\/{rel}","templated":true}]}}