{"id":182,"date":"2014-02-18T22:19:57","date_gmt":"2014-02-18T22:19:57","guid":{"rendered":"http:\/\/frais-mobilite.com\/blog\/?p=182"},"modified":"2024-09-05T12:24:23","modified_gmt":"2024-09-05T12:24:23","slug":"application-mobile-v2-5-0-disponible-pour-windows-phone-8","status":"publish","type":"post","link":"http:\/\/frais-mobilite.com\/blog\/application-mobile-v2-5-0-disponible-pour-windows-phone-8\/","title":{"rendered":"Application mobile v2.5.0, disponible pour Windows Phone 8!"},"content":{"rendered":"<p><img loading=\"lazy\" decoding=\"async\" class=\"aligncenter size-full wp-image-183\" alt=\"462x120_WPS_Download_cyan\" src=\"http:\/\/frais-mobilite.com\/blog\/wp-content\/uploads\/2014\/02\/462x120_WPS_Download_cyan.png\" width=\"462\" height=\"120\" srcset=\"http:\/\/frais-mobilite.com\/blog\/wp-content\/uploads\/2014\/02\/462x120_WPS_Download_cyan.png 462w, http:\/\/frais-mobilite.com\/blog\/wp-content\/uploads\/2014\/02\/462x120_WPS_Download_cyan-300x77.png 300w\" sizes=\"(max-width: 462px) 100vw, 462px\" \/><\/p>\n<p>Enfin&#8230;. presque!<\/p>\n<p>L&rsquo;application vient d&rsquo;\u00eatre soumise aux lutins de chez Microsoft, d&rsquo;ici 1 semaine environ elle devrait \u00eatre disponible.<\/p>\n<p>L&rsquo;adresse de t\u00e9l\u00e9chargement se trouve sur la page suivante :\u00a0<a href=\"http:\/\/frais-mobilite.com\/index.php?page=download\">http:\/\/frais-mobilite.com\/index.php?page=download<\/a><\/p>\n<p>&nbsp;<\/p>\n<p>Cette version apporte \u00e9galement la fonctionnalit\u00e9 de lecture seule sur les tableaux suite \u00e0 la vente d&rsquo;un v\u00e9hicule.<\/p>\n<p>&nbsp;<\/p>\n<p>A bient\u00f4t!<\/p>\n<p>&nbsp;<\/p>\n<p>EDIT du 25\/02 :<\/p>\n<p>Ca y est, ce n&rsquo;est plus qu&rsquo;une question d&rsquo;heure !!<\/p>\n<p style=\"text-align: center;\"><a href=\"http:\/\/frais-mobilite.com\/blog\/wp-content\/uploads\/2014\/02\/Capture-d\u2019\u00e9cran-2014-02-25-\u00e0-19.58.23.png\"><img loading=\"lazy\" decoding=\"async\" class=\"aligncenter  wp-image-185\" alt=\"Capture d\u2019\u00e9cran 2014-02-25 \u00e0 19.58.23\" src=\"http:\/\/frais-mobilite.com\/blog\/wp-content\/uploads\/2014\/02\/Capture-d\u2019\u00e9cran-2014-02-25-\u00e0-19.58.23.png\" width=\"678\" height=\"337\" srcset=\"http:\/\/frais-mobilite.com\/blog\/wp-content\/uploads\/2014\/02\/Capture-d\u2019\u00e9cran-2014-02-25-\u00e0-19.58.23.png 968w, http:\/\/frais-mobilite.com\/blog\/wp-content\/uploads\/2014\/02\/Capture-d\u2019\u00e9cran-2014-02-25-\u00e0-19.58.23-300x149.png 300w\" sizes=\"(max-width: 678px) 100vw, 678px\" \/><\/a><\/p>\n<p>L&rsquo;application a du \u00eatre pass\u00e9e en version 2.5.1 pour passer la certification Microsoft mais rassurez vous, elle est tout \u00e0 fait conforme au site mobile ou encore \u00e0 l&rsquo;application Android!<\/p>\n<p>&nbsp;<\/p>\n","protected":false},"excerpt":{"rendered":"<p>Enfin&#8230;. presque! L&rsquo;application vient d&rsquo;\u00eatre soumise aux lutins de chez Microsoft, d&rsquo;ici 1 semaine environ elle devrait \u00eatre disponible. L&rsquo;adresse de t\u00e9l\u00e9chargement se trouve sur la page suivante :\u00a0http:\/\/frais-mobilite.com\/index.php?page=download &nbsp; Cette version apporte \u00e9galement la fonctionnalit\u00e9 de lecture seule sur les tableaux suite \u00e0 la vente d&rsquo;un v\u00e9hicule. &nbsp; A bient\u00f4t! &nbsp; EDIT du 25\/02 [&hellip;]<\/p>\n","protected":false},"author":1,"featured_media":0,"comment_status":"closed","ping_status":"open","sticky":false,"template":"","format":"standard","meta":{"_monsterinsights_skip_tracking":false,"_monsterinsights_sitenote_active":false,"_monsterinsights_sitenote_note":"","_monsterinsights_sitenote_category":0,"jetpack_post_was_ever_published":false,"_jetpack_newsletter_access":"","_jetpack_dont_email_post_to_subs":false,"_jetpack_newsletter_tier_id":0,"_jetpack_memberships_contains_paywalled_content":false,"_jetpack_memberships_contains_paid_content":false,"footnotes":"","jetpack_publicize_message":"","jetpack_publicize_feature_enabled":true,"jetpack_social_post_already_shared":false,"jetpack_social_options":{"image_generator_settings":{"template":"highway","enabled":false},"version":2}},"categories":[5,3],"tags":[],"class_list":["post-182","post","type-post","status-publish","format-standard","hentry","category-evolutions","category-nouveautes"],"jetpack_publicize_connections":[],"jetpack_featured_media_url":"","jetpack_sharing_enabled":true,"jetpack_shortlink":"https:\/\/wp.me\/p6YVWK-2W","_links":{"self":[{"href":"http:\/\/frais-mobilite.com\/blog\/wp-json\/wp\/v2\/posts\/182"}],"collection":[{"href":"http:\/\/frais-mobilite.com\/blog\/wp-json\/wp\/v2\/posts"}],"about":[{"href":"http:\/\/frais-mobilite.com\/blog\/wp-json\/wp\/v2\/types\/post"}],"author":[{"embeddable":true,"href":"http:\/\/frais-mobilite.com\/blog\/wp-json\/wp\/v2\/users\/1"}],"replies":[{"embeddable":true,"href":"http:\/\/frais-mobilite.com\/blog\/wp-json\/wp\/v2\/comments?post=182"}],"version-history":[{"count":4,"href":"http:\/\/frais-mobilite.com\/blog\/wp-json\/wp\/v2\/posts\/182\/revisions"}],"predecessor-version":[{"id":188,"href":"http:\/\/frais-mobilite.com\/blog\/wp-json\/wp\/v2\/posts\/182\/revisions\/188"}],"wp:attachment":[{"href":"http:\/\/frais-mobilite.com\/blog\/wp-json\/wp\/v2\/media?parent=182"}],"wp:term":[{"taxonomy":"category","embeddable":true,"href":"http:\/\/frais-mobilite.com\/blog\/wp-json\/wp\/v2\/categories?post=182"},{"taxonomy":"post_tag","embeddable":true,"href":"http:\/\/frais-mobilite.com\/blog\/wp-json\/wp\/v2\/tags?post=182"}],"curies":[{"name":"wp","href":"https:\/\/api.w.org\/{rel}","templated":true}]}}