{"id":190,"date":"2014-03-18T21:46:37","date_gmt":"2014-03-18T21:46:37","guid":{"rendered":"http:\/\/frais-mobilite.com\/blog\/?p=190"},"modified":"2024-09-05T12:24:23","modified_gmt":"2024-09-05T12:24:23","slug":"v-3-2-7-ordre-daffichage","status":"publish","type":"post","link":"http:\/\/frais-mobilite.com\/blog\/v-3-2-7-ordre-daffichage\/","title":{"rendered":"V 3.2.7 : ordre d&rsquo;affichage"},"content":{"rendered":"<p>&nbsp;<\/p>\n<p>Bonsoir!<\/p>\n<p>&nbsp;<\/p>\n<p>Une petite mise \u00e0 jour du site web ce soir pour vous ajouter une fonctionnalit\u00e9 sympathique : la possibilit\u00e9 de trier vos v\u00e9hicules lorsque vous en g\u00e9rez plusieurs. Par exemple dans mon cas, j&rsquo;ai vendu l&rsquo;Opel donc plus d&rsquo;int\u00e9r\u00eat de la garder en t\u00eate de liste mais je ne voulais pas la supprimer non plus afin de conserver son historique \u00e0 titre d&rsquo;informations, je l&rsquo;ai donc mise en fin de liste pour me concentrer sur les voitures que je g\u00e8re encore!<\/p>\n<p>Et comme une bonne nouvelle ne vient pas seule, cet ordre est automatiquement report\u00e9 sur l&rsquo;application mobile sans aucune mise \u00e0 jour requise!<\/p>\n<p>&nbsp;<\/p>\n<p><a href=\"http:\/\/frais-mobilite.com\/blog\/wp-content\/uploads\/2014\/03\/Capture-d\u2019\u00e9cran-2014-03-18-\u00e0-22.40.04.png\"><img loading=\"lazy\" decoding=\"async\" class=\"aligncenter size-full wp-image-191\" alt=\"Capture d\u2019\u00e9cran 2014-03-18 \u00e0 22.40.04\" src=\"http:\/\/frais-mobilite.com\/blog\/wp-content\/uploads\/2014\/03\/Capture-d\u2019\u00e9cran-2014-03-18-\u00e0-22.40.04.png\" width=\"696\" height=\"460\" srcset=\"http:\/\/frais-mobilite.com\/blog\/wp-content\/uploads\/2014\/03\/Capture-d\u2019\u00e9cran-2014-03-18-\u00e0-22.40.04.png 696w, http:\/\/frais-mobilite.com\/blog\/wp-content\/uploads\/2014\/03\/Capture-d\u2019\u00e9cran-2014-03-18-\u00e0-22.40.04-300x198.png 300w\" sizes=\"(max-width: 696px) 100vw, 696px\" \/><\/a><\/p>\n","protected":false},"excerpt":{"rendered":"<p>&nbsp; Bonsoir! &nbsp; Une petite mise \u00e0 jour du site web ce soir pour vous ajouter une fonctionnalit\u00e9 sympathique : la possibilit\u00e9 de trier vos v\u00e9hicules lorsque vous en g\u00e9rez plusieurs. Par exemple dans mon cas, j&rsquo;ai vendu l&rsquo;Opel donc plus d&rsquo;int\u00e9r\u00eat de la garder en t\u00eate de liste mais je ne voulais pas la [&hellip;]<\/p>\n","protected":false},"author":1,"featured_media":0,"comment_status":"closed","ping_status":"open","sticky":false,"template":"","format":"standard","meta":{"_monsterinsights_skip_tracking":false,"_monsterinsights_sitenote_active":false,"_monsterinsights_sitenote_note":"","_monsterinsights_sitenote_category":0,"jetpack_post_was_ever_published":false,"_jetpack_newsletter_access":"","_jetpack_dont_email_post_to_subs":false,"_jetpack_newsletter_tier_id":0,"_jetpack_memberships_contains_paywalled_content":false,"_jetpack_memberships_contains_paid_content":false,"footnotes":"","jetpack_publicize_message":"","jetpack_publicize_feature_enabled":true,"jetpack_social_post_already_shared":false,"jetpack_social_options":{"image_generator_settings":{"template":"highway","enabled":false},"version":2}},"categories":[5,3],"tags":[],"class_list":["post-190","post","type-post","status-publish","format-standard","hentry","category-evolutions","category-nouveautes"],"jetpack_publicize_connections":[],"jetpack_featured_media_url":"","jetpack_sharing_enabled":true,"jetpack_shortlink":"https:\/\/wp.me\/p6YVWK-34","_links":{"self":[{"href":"http:\/\/frais-mobilite.com\/blog\/wp-json\/wp\/v2\/posts\/190"}],"collection":[{"href":"http:\/\/frais-mobilite.com\/blog\/wp-json\/wp\/v2\/posts"}],"about":[{"href":"http:\/\/frais-mobilite.com\/blog\/wp-json\/wp\/v2\/types\/post"}],"author":[{"embeddable":true,"href":"http:\/\/frais-mobilite.com\/blog\/wp-json\/wp\/v2\/users\/1"}],"replies":[{"embeddable":true,"href":"http:\/\/frais-mobilite.com\/blog\/wp-json\/wp\/v2\/comments?post=190"}],"version-history":[{"count":1,"href":"http:\/\/frais-mobilite.com\/blog\/wp-json\/wp\/v2\/posts\/190\/revisions"}],"predecessor-version":[{"id":192,"href":"http:\/\/frais-mobilite.com\/blog\/wp-json\/wp\/v2\/posts\/190\/revisions\/192"}],"wp:attachment":[{"href":"http:\/\/frais-mobilite.com\/blog\/wp-json\/wp\/v2\/media?parent=190"}],"wp:term":[{"taxonomy":"category","embeddable":true,"href":"http:\/\/frais-mobilite.com\/blog\/wp-json\/wp\/v2\/categories?post=190"},{"taxonomy":"post_tag","embeddable":true,"href":"http:\/\/frais-mobilite.com\/blog\/wp-json\/wp\/v2\/tags?post=190"}],"curies":[{"name":"wp","href":"https:\/\/api.w.org\/{rel}","templated":true}]}}