{"id":205,"date":"2014-08-26T23:55:47","date_gmt":"2014-08-26T23:55:47","guid":{"rendered":"http:\/\/frais-mobilite.com\/blog\/?p=205"},"modified":"2024-09-05T12:24:23","modified_gmt":"2024-09-05T12:24:23","slug":"version-3-2-9-du-site-et-3-0-1-du-mobile-desactivation-de-vehicules","status":"publish","type":"post","link":"http:\/\/frais-mobilite.com\/blog\/version-3-2-9-du-site-et-3-0-1-du-mobile-desactivation-de-vehicules\/","title":{"rendered":"Version 3.2.9 du site et 3.0.1 du mobile : d\u00e9sactivation de v\u00e9hicules"},"content":{"rendered":"<p>Bonsoir \u00e0 tous,<\/p>\n<p>&nbsp;<\/p>\n<p>Au menu de cette petite mise \u00e0 jour on trouvera une nouvelle fonctionnalit\u00e9 : la possibilit\u00e9 de d\u00e9sactiver un v\u00e9hicule. Il y a peu de temps j&rsquo;introduisais la vente de vos v\u00e9hicules\u00a0mais l\u00e0 il ne s&rsquo;agit que de les d\u00e9sactiver.<\/p>\n<p>Pourquoi cette diff\u00e9rence ? Parce que pour marquer une voiture comme vendue il fallait lui mettre un prix de vente. Cette fois, il est possible de juste d\u00e9sactiver une voiture sans mettre de prix de vente. Parce que parfois on remise une voiture plusieurs mois, plusieurs ann\u00e9es ou on la donne \u00e0 un membre de la famille mais on ne la vend pas!<\/p>\n<p>Pour marquer un v\u00e9hicule comme d\u00e9sactiv\u00e9, il suffit de se rendre sur la page de modification de votre v\u00e9hicule et de cocher la case \u00ab\u00a0d\u00e9sactiv\u00e9\u00a0\u00bb!<\/p>\n<p><a href=\"http:\/\/frais-mobilite.com\/blog\/wp-content\/uploads\/2014\/08\/Capture-d\u2019\u00e9cran-2014-08-26-\u00e0-19.54.11.png\"><img loading=\"lazy\" decoding=\"async\" class=\"aligncenter size-full wp-image-206\" src=\"http:\/\/frais-mobilite.com\/blog\/wp-content\/uploads\/2014\/08\/Capture-d\u2019\u00e9cran-2014-08-26-\u00e0-19.54.11.png\" alt=\"Capture d\u2019\u00e9cran 2014-08-26 \u00e0 19.54.11\" width=\"394\" height=\"294\" srcset=\"http:\/\/frais-mobilite.com\/blog\/wp-content\/uploads\/2014\/08\/Capture-d\u2019\u00e9cran-2014-08-26-\u00e0-19.54.11.png 394w, http:\/\/frais-mobilite.com\/blog\/wp-content\/uploads\/2014\/08\/Capture-d\u2019\u00e9cran-2014-08-26-\u00e0-19.54.11-300x223.png 300w\" sizes=\"(max-width: 394px) 100vw, 394px\" \/><\/a><\/p>\n<p>&nbsp;<\/p>\n<p>Les applications mobiles pour Windows Phone et Android sont actuellement en cours de publication et devraient \u00eatre disponibles dans les heures qui viennent!<\/p>\n","protected":false},"excerpt":{"rendered":"<p>Bonsoir \u00e0 tous, &nbsp; Au menu de cette petite mise \u00e0 jour on trouvera une nouvelle fonctionnalit\u00e9 : la possibilit\u00e9 de d\u00e9sactiver un v\u00e9hicule. Il y a peu de temps j&rsquo;introduisais la vente de vos v\u00e9hicules\u00a0mais l\u00e0 il ne s&rsquo;agit que de les d\u00e9sactiver. Pourquoi cette diff\u00e9rence ? Parce que pour marquer une voiture comme [&hellip;]<\/p>\n","protected":false},"author":1,"featured_media":0,"comment_status":"closed","ping_status":"open","sticky":false,"template":"","format":"standard","meta":{"_monsterinsights_skip_tracking":false,"_monsterinsights_sitenote_active":false,"_monsterinsights_sitenote_note":"","_monsterinsights_sitenote_category":0,"jetpack_post_was_ever_published":false,"_jetpack_newsletter_access":"","_jetpack_dont_email_post_to_subs":false,"_jetpack_newsletter_tier_id":0,"_jetpack_memberships_contains_paywalled_content":false,"_jetpack_memberships_contains_paid_content":false,"footnotes":"","jetpack_publicize_message":"","jetpack_publicize_feature_enabled":true,"jetpack_social_post_already_shared":false,"jetpack_social_options":{"image_generator_settings":{"template":"highway","enabled":false},"version":2}},"categories":[5,3],"tags":[],"class_list":["post-205","post","type-post","status-publish","format-standard","hentry","category-evolutions","category-nouveautes"],"jetpack_publicize_connections":[],"jetpack_featured_media_url":"","jetpack_sharing_enabled":true,"jetpack_shortlink":"https:\/\/wp.me\/p6YVWK-3j","_links":{"self":[{"href":"http:\/\/frais-mobilite.com\/blog\/wp-json\/wp\/v2\/posts\/205"}],"collection":[{"href":"http:\/\/frais-mobilite.com\/blog\/wp-json\/wp\/v2\/posts"}],"about":[{"href":"http:\/\/frais-mobilite.com\/blog\/wp-json\/wp\/v2\/types\/post"}],"author":[{"embeddable":true,"href":"http:\/\/frais-mobilite.com\/blog\/wp-json\/wp\/v2\/users\/1"}],"replies":[{"embeddable":true,"href":"http:\/\/frais-mobilite.com\/blog\/wp-json\/wp\/v2\/comments?post=205"}],"version-history":[{"count":1,"href":"http:\/\/frais-mobilite.com\/blog\/wp-json\/wp\/v2\/posts\/205\/revisions"}],"predecessor-version":[{"id":207,"href":"http:\/\/frais-mobilite.com\/blog\/wp-json\/wp\/v2\/posts\/205\/revisions\/207"}],"wp:attachment":[{"href":"http:\/\/frais-mobilite.com\/blog\/wp-json\/wp\/v2\/media?parent=205"}],"wp:term":[{"taxonomy":"category","embeddable":true,"href":"http:\/\/frais-mobilite.com\/blog\/wp-json\/wp\/v2\/categories?post=205"},{"taxonomy":"post_tag","embeddable":true,"href":"http:\/\/frais-mobilite.com\/blog\/wp-json\/wp\/v2\/tags?post=205"}],"curies":[{"name":"wp","href":"https:\/\/api.w.org\/{rel}","templated":true}]}}