{"id":220,"date":"2015-07-19T02:08:23","date_gmt":"2015-07-19T02:08:23","guid":{"rendered":"http:\/\/frais-mobilite.com\/blog\/?p=220"},"modified":"2024-09-05T12:24:22","modified_gmt":"2024-09-05T12:24:22","slug":"v-4-1-0-deux-importantes-nouvelles-fonctionnalites","status":"publish","type":"post","link":"http:\/\/frais-mobilite.com\/blog\/v-4-1-0-deux-importantes-nouvelles-fonctionnalites\/","title":{"rendered":"V 4.1.0 : Deux importantes nouvelles fonctionnalit\u00e9s"},"content":{"rendered":"<p>Bonjour \u00e0 tous,<\/p>\n<p>Aujourd&rsquo;hui, apr\u00e8s un peu plus de\u00a04 mois de travail depuis la derni\u00e8re version, je vous livre la version 4.1.0 qui contient plusieurs am\u00e9liorations de fonctionnalit\u00e9s existantes, des corrections de bugs internes mais aussi et surtout deux nouvelles fonctionnalit\u00e9s !! Je vous les d\u00e9crit tout de suite.<\/p>\n<h3><span style=\"text-decoration: underline;\">1. Une synth\u00e8se g\u00e9n\u00e9rale !<\/span><\/h3>\n<p>Vous utilisez plusieurs voitures au quotidien ? Vous aimeriez savoir combien de kilom\u00e8tres vous avez fait le mois dernier par exemple tous v\u00e9hicules confondus ? Cette nouvelle page est faite pour vous!<\/p>\n<p><img loading=\"lazy\" decoding=\"async\" class=\" size-large wp-image-223 aligncenter\" src=\"http:\/\/frais-mobilite.com\/blog\/wp-content\/uploads\/2015\/07\/Capture-d\u2019\u00e9cran-2015-07-18-\u00e0-18.54.33-1024x357.png\" alt=\"Capture d\u2019\u00e9cran 2015-07-18 \u00e0 18.54.33\" width=\"640\" height=\"223\" srcset=\"http:\/\/frais-mobilite.com\/blog\/wp-content\/uploads\/2015\/07\/Capture-d\u2019\u00e9cran-2015-07-18-\u00e0-18.54.33-1024x357.png 1024w, http:\/\/frais-mobilite.com\/blog\/wp-content\/uploads\/2015\/07\/Capture-d\u2019\u00e9cran-2015-07-18-\u00e0-18.54.33-300x105.png 300w\" sizes=\"(max-width: 640px) 100vw, 640px\" \/><\/p>\n<p>Accessible par le menu d\u00e9roulant de la liste des v\u00e9hicules ou directement par le menu principal en haut \u00e0 droite, cette nouvelle synth\u00e8se vous permettra de voir les statistiques cumul\u00e9es des v\u00e9hicules que vous aurez s\u00e9lectionn\u00e9. Vous pouvez sp\u00e9cifier une plage de date et tenir compte ou non de diff\u00e9rentes choses exactement comme dans la synth\u00e8se classique de chaque v\u00e9hicule.<\/p>\n<p>&nbsp;<\/p>\n<h3><span style=\"text-decoration: underline;\">2. Une page de comparaison des v\u00e9hicules !<\/span><\/h3>\n<p>Vous voulez comparer votre consommation \u00e0 celle de vos amis ?\u00a0Ou simplement comparer les informations de vos diff\u00e9rents v\u00e9hicules ? Ne cherchez pas plus loin, tout est l\u00e0 ! (Et si vos amis ne sont pas encore inscrits, vous savez ce qu&rsquo;il vous reste \u00e0 faire!)<\/p>\n<p>ATTENTION :\u00a0Seuls les utilisateurs ayant des v\u00e9hicules publics sont list\u00e9s comme \u00ab\u00a0Propri\u00e9taire\u00a0\u00bb et seuls leurs v\u00e9hicules publics seront pr\u00e9sents. Si vous ne trouvez pas le v\u00e9hicule de votre ami, c&rsquo;est qu&rsquo;il ne l&rsquo;a pas rendu public.<\/p>\n<p><a href=\"http:\/\/frais-mobilite.com\/blog\/wp-content\/uploads\/2015\/07\/Capture-d\u2019\u00e9cran-2015-07-18-\u00e0-18.59.54.png\"><img loading=\"lazy\" decoding=\"async\" class=\" size-large wp-image-224 aligncenter\" src=\"http:\/\/frais-mobilite.com\/blog\/wp-content\/uploads\/2015\/07\/Capture-d\u2019\u00e9cran-2015-07-18-\u00e0-18.59.54-1024x745.png\" alt=\"Capture d\u2019\u00e9cran 2015-07-18 \u00e0 18.59.54\" width=\"640\" height=\"466\" srcset=\"http:\/\/frais-mobilite.com\/blog\/wp-content\/uploads\/2015\/07\/Capture-d\u2019\u00e9cran-2015-07-18-\u00e0-18.59.54-1024x745.png 1024w, http:\/\/frais-mobilite.com\/blog\/wp-content\/uploads\/2015\/07\/Capture-d\u2019\u00e9cran-2015-07-18-\u00e0-18.59.54-300x218.png 300w, http:\/\/frais-mobilite.com\/blog\/wp-content\/uploads\/2015\/07\/Capture-d\u2019\u00e9cran-2015-07-18-\u00e0-18.59.54.png 1978w\" sizes=\"(max-width: 640px) 100vw, 640px\" \/><\/a><\/p>\n<p>Rang\u00e9 par cat\u00e9gories, toutes les informations de vos\u00a0v\u00e9hicules sont disponibles ici. En ce qui concerne les v\u00e9hicules qui ne vous appartiennent pas, seules les informations qui ont \u00e9t\u00e9 rendues publiques par le propri\u00e9taire sont affich\u00e9es ici.<\/p>\n<p>Vous choisissez un propri\u00e9taire, vous pouvez m\u00eame utiliser votre clavier pour aller plus vite pour retrouver vos amis puis la liste de ses v\u00e9hicules s&rsquo;affiche et il ne vous reste qu&rsquo;\u00e0 choisir le v\u00e9hicule que vous voulez ajouter \u00e0 votre comparaison !<\/p>\n<p>Bien \u00e9videmment nous ne faisons pas tous le m\u00eame kilom\u00e9trage donc vous pouvez pond\u00e9rer\u00a0les valeurs sur un kilom\u00e9trage donn\u00e9 (par exemple 10 000kms) ou encore les comparer sur une plage de dates sp\u00e9cifiques.<\/p>\n<p><a href=\"http:\/\/frais-mobilite.com\/blog\/wp-content\/uploads\/2015\/07\/Capture-d\u2019\u00e9cran-2015-07-18-\u00e0-19.01.41.png\"><img loading=\"lazy\" decoding=\"async\" class=\" size-large wp-image-225 aligncenter\" src=\"http:\/\/frais-mobilite.com\/blog\/wp-content\/uploads\/2015\/07\/Capture-d\u2019\u00e9cran-2015-07-18-\u00e0-19.01.41-1024x313.png\" alt=\"Capture d\u2019\u00e9cran 2015-07-18 \u00e0 19.01.41\" width=\"640\" height=\"196\" srcset=\"http:\/\/frais-mobilite.com\/blog\/wp-content\/uploads\/2015\/07\/Capture-d\u2019\u00e9cran-2015-07-18-\u00e0-19.01.41-1024x313.png 1024w, http:\/\/frais-mobilite.com\/blog\/wp-content\/uploads\/2015\/07\/Capture-d\u2019\u00e9cran-2015-07-18-\u00e0-19.01.41-300x92.png 300w\" sizes=\"(max-width: 640px) 100vw, 640px\" \/><\/a><\/p>\n<p>&nbsp;<\/p>\n<p>J&rsquo;esp\u00e8re que tout cela vous plaira et comme d&rsquo;habitude, si vous avez de nouvelles id\u00e9es ou un probl\u00e8me, ma boite mail est grande ouverte pour vous aider \ud83d\ude09<\/p>\n<p>Amusez-vous bien avec ces nouvelles fonctionnalit\u00e9s et \u00e0 bient\u00f4t !<\/p>\n","protected":false},"excerpt":{"rendered":"<p>Bonjour \u00e0 tous, Aujourd&rsquo;hui, apr\u00e8s un peu plus de\u00a04 mois de travail depuis la derni\u00e8re version, je vous livre la version 4.1.0 qui contient plusieurs am\u00e9liorations de fonctionnalit\u00e9s existantes, des corrections de bugs internes mais aussi et surtout deux nouvelles fonctionnalit\u00e9s !! Je vous les d\u00e9crit tout de suite. 1. Une synth\u00e8se g\u00e9n\u00e9rale ! Vous [&hellip;]<\/p>\n","protected":false},"author":1,"featured_media":0,"comment_status":"closed","ping_status":"open","sticky":false,"template":"","format":"standard","meta":{"_monsterinsights_skip_tracking":false,"_monsterinsights_sitenote_active":false,"_monsterinsights_sitenote_note":"","_monsterinsights_sitenote_category":0,"jetpack_post_was_ever_published":false,"_jetpack_newsletter_access":"","_jetpack_dont_email_post_to_subs":false,"_jetpack_newsletter_tier_id":0,"_jetpack_memberships_contains_paywalled_content":false,"_jetpack_memberships_contains_paid_content":false,"footnotes":"","jetpack_publicize_message":"","jetpack_publicize_feature_enabled":true,"jetpack_social_post_already_shared":false,"jetpack_social_options":{"image_generator_settings":{"template":"highway","enabled":false},"version":2}},"categories":[4,5,3],"tags":[],"class_list":["post-220","post","type-post","status-publish","format-standard","hentry","category-corrections-de-bugs","category-evolutions","category-nouveautes"],"jetpack_publicize_connections":[],"jetpack_featured_media_url":"","jetpack_sharing_enabled":true,"jetpack_shortlink":"https:\/\/wp.me\/p6YVWK-3y","_links":{"self":[{"href":"http:\/\/frais-mobilite.com\/blog\/wp-json\/wp\/v2\/posts\/220"}],"collection":[{"href":"http:\/\/frais-mobilite.com\/blog\/wp-json\/wp\/v2\/posts"}],"about":[{"href":"http:\/\/frais-mobilite.com\/blog\/wp-json\/wp\/v2\/types\/post"}],"author":[{"embeddable":true,"href":"http:\/\/frais-mobilite.com\/blog\/wp-json\/wp\/v2\/users\/1"}],"replies":[{"embeddable":true,"href":"http:\/\/frais-mobilite.com\/blog\/wp-json\/wp\/v2\/comments?post=220"}],"version-history":[{"count":5,"href":"http:\/\/frais-mobilite.com\/blog\/wp-json\/wp\/v2\/posts\/220\/revisions"}],"predecessor-version":[{"id":228,"href":"http:\/\/frais-mobilite.com\/blog\/wp-json\/wp\/v2\/posts\/220\/revisions\/228"}],"wp:attachment":[{"href":"http:\/\/frais-mobilite.com\/blog\/wp-json\/wp\/v2\/media?parent=220"}],"wp:term":[{"taxonomy":"category","embeddable":true,"href":"http:\/\/frais-mobilite.com\/blog\/wp-json\/wp\/v2\/categories?post=220"},{"taxonomy":"post_tag","embeddable":true,"href":"http:\/\/frais-mobilite.com\/blog\/wp-json\/wp\/v2\/tags?post=220"}],"curies":[{"name":"wp","href":"https:\/\/api.w.org\/{rel}","templated":true}]}}