{"id":238,"date":"2016-06-15T03:35:16","date_gmt":"2016-06-15T03:35:16","guid":{"rendered":"http:\/\/frais-mobilite.com\/blog\/?p=238"},"modified":"2024-09-05T12:24:22","modified_gmt":"2024-09-05T12:24:22","slug":"v-4-2-0-quelques-belles-nouveautes-juste-pour-toi","status":"publish","type":"post","link":"http:\/\/frais-mobilite.com\/blog\/v-4-2-0-quelques-belles-nouveautes-juste-pour-toi\/","title":{"rendered":"V 4.2.0 : Quelques belles nouveaut\u00e9s juste pour toi !"},"content":{"rendered":"<p>Salut toi !<\/p>\n<p>Comment \u00e7a va depuis le temps ? Oui je sais, presque 1 an sans mise \u00e0 jour, \u00e7a commence \u00e0 faire long&#8230; Mais promis je ne t&rsquo;ai pas oubli\u00e9, je travaille en parall\u00e8le du site \u00e0 une nouvelle version mobile bien plus puissante et plus au gout du jour !<\/p>\n<p>Ceci dit, pour me faire pardonner, voil\u00e0 une belle mise \u00e0 jour qui j&rsquo;esp\u00e8re te plaira \ud83d\ude42<\/p>\n<p><em>Au passage, \u00a0j&rsquo;en profite pour te remercier de ton assiduit\u00e9 et de tes recommandations (tu as s\u00fbrement d\u00fb parler du site autour de toi, je ne vois pas d&rsquo;autres raisons!) car nous sommes maintenant plus de 250 utilisateurs (actifs) sur le site et les applications mobiles ! Merci, vraiment, merci !<\/em><\/p>\n<p><em>Vous avez \u00e9galement consomm\u00e9 plus de 200 000 L de carburants et parcourus pas loin de 2,5 millions de kilom\u00e8tres, c&rsquo;est \u00e9norme ! C&rsquo;est 6,5 fois la distance de la Terre \u00e0 la Lune, wahou!<\/em><\/p>\n<p><a href=\"http:\/\/frais-mobilite.com\/blog\/wp-content\/uploads\/2016\/06\/Capture-d\u2019e\u0301cran-2016-06-14-a\u0300-23.07.00.png\"><img loading=\"lazy\" decoding=\"async\" class=\"aligncenter wp-image-244\" src=\"http:\/\/frais-mobilite.com\/blog\/wp-content\/uploads\/2016\/06\/Capture-d\u2019e\u0301cran-2016-06-14-a\u0300-23.07.00.png\" alt=\"Capture d\u2019e\u0301cran 2016-06-14 a\u0300 23.07.00\" width=\"367\" height=\"218\" srcset=\"http:\/\/frais-mobilite.com\/blog\/wp-content\/uploads\/2016\/06\/Capture-d\u2019e\u0301cran-2016-06-14-a\u0300-23.07.00.png 771w, http:\/\/frais-mobilite.com\/blog\/wp-content\/uploads\/2016\/06\/Capture-d\u2019e\u0301cran-2016-06-14-a\u0300-23.07.00-300x178.png 300w, http:\/\/frais-mobilite.com\/blog\/wp-content\/uploads\/2016\/06\/Capture-d\u2019e\u0301cran-2016-06-14-a\u0300-23.07.00-768x456.png 768w\" sizes=\"(max-width: 367px) 100vw, 367px\" \/><\/a><\/p>\n<p>&nbsp;<\/p>\n<p>Entrons maintenant dans le vif du sujet, la version 4.2.0 !<\/p>\n<p>En guise d&rsquo;entr\u00e9e, je te propose\u00a0un rafraichissement g\u00e9n\u00e9ral de l&rsquo;interface et un look plus \u00ab\u00a0flat\u00a0\u00bb avec des ic\u00f4nes mono-chrome (il parait que c&rsquo;est la mode) :<\/p>\n<p>&nbsp;<\/p>\n<p><a href=\"http:\/\/frais-mobilite.com\/blog\/wp-content\/uploads\/2016\/06\/Capture-d\u2019e\u0301cran-2016-06-14-a\u0300-23.28.20.png\"><img loading=\"lazy\" decoding=\"async\" class=\"aligncenter wp-image-247\" src=\"http:\/\/frais-mobilite.com\/blog\/wp-content\/uploads\/2016\/06\/Capture-d\u2019e\u0301cran-2016-06-14-a\u0300-23.28.20.png\" alt=\"Capture d\u2019e\u0301cran 2016-06-14 a\u0300 23.28.20\" width=\"386\" height=\"308\" srcset=\"http:\/\/frais-mobilite.com\/blog\/wp-content\/uploads\/2016\/06\/Capture-d\u2019e\u0301cran-2016-06-14-a\u0300-23.28.20.png 956w, http:\/\/frais-mobilite.com\/blog\/wp-content\/uploads\/2016\/06\/Capture-d\u2019e\u0301cran-2016-06-14-a\u0300-23.28.20-300x239.png 300w, http:\/\/frais-mobilite.com\/blog\/wp-content\/uploads\/2016\/06\/Capture-d\u2019e\u0301cran-2016-06-14-a\u0300-23.28.20-768x612.png 768w\" sizes=\"(max-width: 386px) 100vw, 386px\" \/><\/a><\/p>\n<p><a href=\"http:\/\/frais-mobilite.com\/blog\/wp-content\/uploads\/2016\/06\/Capture-d\u2019e\u0301cran-2016-06-14-a\u0300-23.28.38.png\" rel=\"attachment wp-att-248\"><img loading=\"lazy\" decoding=\"async\" class=\"aligncenter wp-image-248\" src=\"http:\/\/frais-mobilite.com\/blog\/wp-content\/uploads\/2016\/06\/Capture-d\u2019e\u0301cran-2016-06-14-a\u0300-23.28.38.png\" alt=\"Capture d\u2019e\u0301cran 2016-06-14 a\u0300 23.28.38\" width=\"383\" height=\"381\" srcset=\"http:\/\/frais-mobilite.com\/blog\/wp-content\/uploads\/2016\/06\/Capture-d\u2019e\u0301cran-2016-06-14-a\u0300-23.28.38.png 700w, http:\/\/frais-mobilite.com\/blog\/wp-content\/uploads\/2016\/06\/Capture-d\u2019e\u0301cran-2016-06-14-a\u0300-23.28.38-150x150.png 150w, http:\/\/frais-mobilite.com\/blog\/wp-content\/uploads\/2016\/06\/Capture-d\u2019e\u0301cran-2016-06-14-a\u0300-23.28.38-300x298.png 300w\" sizes=\"(max-width: 383px) 100vw, 383px\" \/><\/a><\/p>\n<p>&nbsp;<\/p>\n<p>Pour le plat de r\u00e9sistance, je te sugg\u00e8re :<\/p>\n<ul>\n<li>L&rsquo;ajout du kilom\u00e9trage (non obligatoire \u00e9videmment) dans les autres d\u00e9penses. Ca faisait quelques temps que tout le monde me le demandait, c&rsquo;est maintenant chose faite !<\/li>\n<li>Accompagn\u00e9 de ses \u00ab\u00a0Notifications \u00e0 venir\u00a0\u00bb dans la zone de notifications. Comme \u00e7a plus d&rsquo;excuse pour en oublier une !<\/li>\n<\/ul>\n<p><a href=\"http:\/\/frais-mobilite.com\/blog\/wp-content\/uploads\/2016\/06\/Capture-d\u2019e\u0301cran-2016-06-14-a\u0300-22.57.10.png\"><img loading=\"lazy\" decoding=\"async\" class=\"aligncenter wp-image-240\" src=\"http:\/\/frais-mobilite.com\/blog\/wp-content\/uploads\/2016\/06\/Capture-d\u2019e\u0301cran-2016-06-14-a\u0300-22.57.10-300x119.png\" alt=\"Capture d\u2019e\u0301cran 2016-06-14 a\u0300 22.57.10\" width=\"401\" height=\"159\" srcset=\"http:\/\/frais-mobilite.com\/blog\/wp-content\/uploads\/2016\/06\/Capture-d\u2019e\u0301cran-2016-06-14-a\u0300-22.57.10-300x119.png 300w, http:\/\/frais-mobilite.com\/blog\/wp-content\/uploads\/2016\/06\/Capture-d\u2019e\u0301cran-2016-06-14-a\u0300-22.57.10.png 555w\" sizes=\"(max-width: 401px) 100vw, 401px\" \/><\/a><a href=\"http:\/\/frais-mobilite.com\/blog\/v-4-2-0-quelques-belles-nouveautes-juste-pour-toi\/capture-decran-2016-06-14-a-22-57-10\/\" rel=\"attachment wp-att-240\">\u00a0<\/a> <a href=\"http:\/\/frais-mobilite.com\/blog\/wp-content\/uploads\/2016\/06\/Capture-d\u2019e\u0301cran-2016-06-14-a\u0300-22.57.28.png\"><img loading=\"lazy\" decoding=\"async\" class=\"aligncenter wp-image-241\" src=\"http:\/\/frais-mobilite.com\/blog\/wp-content\/uploads\/2016\/06\/Capture-d\u2019e\u0301cran-2016-06-14-a\u0300-22.57.28.png\" alt=\"Capture d\u2019e\u0301cran 2016-06-14 a\u0300 22.57.28\" width=\"439\" height=\"453\" srcset=\"http:\/\/frais-mobilite.com\/blog\/wp-content\/uploads\/2016\/06\/Capture-d\u2019e\u0301cran-2016-06-14-a\u0300-22.57.28.png 886w, http:\/\/frais-mobilite.com\/blog\/wp-content\/uploads\/2016\/06\/Capture-d\u2019e\u0301cran-2016-06-14-a\u0300-22.57.28-291x300.png 291w, http:\/\/frais-mobilite.com\/blog\/wp-content\/uploads\/2016\/06\/Capture-d\u2019e\u0301cran-2016-06-14-a\u0300-22.57.28-768x792.png 768w\" sizes=\"(max-width: 439px) 100vw, 439px\" \/><\/a><\/p>\n<p>&nbsp;<\/p>\n<p>Et enfin comme dessert, j&rsquo;ai gard\u00e9 le meilleur pour la fin, un calcul instantan\u00e9 de la consommation lorsque tu renseignes ton plein (sur le site Internet directement) ou ta consommation calcul\u00e9e tout juste apr\u00e8s la validation de ton plein (sur mobile) :<\/p>\n<p><a href=\"http:\/\/frais-mobilite.com\/blog\/wp-content\/uploads\/2016\/06\/Capture-d\u2019e\u0301cran-2016-06-14-a\u0300-23.06.41.png\"><img loading=\"lazy\" decoding=\"async\" class=\"aligncenter wp-image-242\" src=\"http:\/\/frais-mobilite.com\/blog\/wp-content\/uploads\/2016\/06\/Capture-d\u2019e\u0301cran-2016-06-14-a\u0300-23.06.41-700x1024.png\" alt=\"Capture d\u2019e\u0301cran 2016-06-14 a\u0300 23.06.41\" width=\"441\" height=\"645\" srcset=\"http:\/\/frais-mobilite.com\/blog\/wp-content\/uploads\/2016\/06\/Capture-d\u2019e\u0301cran-2016-06-14-a\u0300-23.06.41-700x1024.png 700w, http:\/\/frais-mobilite.com\/blog\/wp-content\/uploads\/2016\/06\/Capture-d\u2019e\u0301cran-2016-06-14-a\u0300-23.06.41-205x300.png 205w, http:\/\/frais-mobilite.com\/blog\/wp-content\/uploads\/2016\/06\/Capture-d\u2019e\u0301cran-2016-06-14-a\u0300-23.06.41-768x1124.png 768w, http:\/\/frais-mobilite.com\/blog\/wp-content\/uploads\/2016\/06\/Capture-d\u2019e\u0301cran-2016-06-14-a\u0300-23.06.41.png 857w\" sizes=\"(max-width: 441px) 100vw, 441px\" \/><\/a><\/p>\n<p><a href=\"http:\/\/frais-mobilite.com\/blog\/wp-content\/uploads\/2016\/06\/Capture-d\u2019e\u0301cran-2016-06-14-a\u0300-23.08.04.png\"><img loading=\"lazy\" decoding=\"async\" class=\"aligncenter wp-image-243\" src=\"http:\/\/frais-mobilite.com\/blog\/wp-content\/uploads\/2016\/06\/Capture-d\u2019e\u0301cran-2016-06-14-a\u0300-23.08.04.png\" alt=\"Capture d\u2019e\u0301cran 2016-06-14 a\u0300 23.08.04\" width=\"452\" height=\"593\" srcset=\"http:\/\/frais-mobilite.com\/blog\/wp-content\/uploads\/2016\/06\/Capture-d\u2019e\u0301cran-2016-06-14-a\u0300-23.08.04.png 674w, http:\/\/frais-mobilite.com\/blog\/wp-content\/uploads\/2016\/06\/Capture-d\u2019e\u0301cran-2016-06-14-a\u0300-23.08.04-229x300.png 229w\" sizes=\"(max-width: 452px) 100vw, 452px\" \/><\/a><\/p>\n<p>&nbsp;<\/p>\n<p>Tu est gourmand ? Tu en veux encore ? Bon allez, g\u00e2te-toi (apr\u00e8s tout ce n&rsquo;est pas si souvent que je publie une nouvelle version), voil\u00e0 la liste des autres mises \u00e0 jour :<\/p>\n<p>Sur le site Internet :<\/p>\n<ul>\n<li>Ajout des utilisateurs et v\u00e9hicules d\u00e9sactiv\u00e9s dans la comparaison<\/li>\n<li>Ajout de la date de dernier plein dans la comparaison<\/li>\n<li>\n<div class=\"redFont\">Changement dans la gestion de l&rsquo;envoi des email, les accents et caract\u00e8res sp\u00e9ciaux sont maintenants correctement g\u00e9r\u00e9s<\/div>\n<\/li>\n<li>\n<div class=\"redFont\">R\u00e9initialisation du mot de passe et r\u00e9cup\u00e9ration de login plus s\u00e9curis\u00e9 (envoi d&rsquo;un lien temporaire par email)<\/div>\n<\/li>\n<li>\n<div class=\"redFont\">Am\u00e9lioration de la validation des adresses email lors de l&rsquo;inscription<\/div>\n<\/li>\n<li>Calcul de la consommation pour le premier plein<\/li>\n<li>\n<div class=\"redFont\">Refonte de la page d&rsquo;accueil<\/div>\n<\/li>\n<\/ul>\n<p>&nbsp;<\/p>\n<p>Pour le site mobile et les applications mobiles :<\/p>\n<ul>\n<li>Corrections des chargements de page infinis<\/li>\n<li>\n<div class=\"redFont\">Am\u00e9lioration gestion des maintenance du site principal<\/div>\n<\/li>\n<li>\n<div class=\"redFont\">R\u00e9initialisation du mot de passe et r\u00e9cup\u00e9ration de login plus s\u00e9curis\u00e9 (envoi d&rsquo;un lien temporaire par email)<\/div>\n<\/li>\n<li>WindowsPhone : Correction suppos\u00e9e des probl\u00e8mes de virgules<\/li>\n<li>\n<div class=\"redFont\">Android : Lancement de l&rsquo;application depuis le site web si elle est install\u00e9e, sinon redirection vers Google Play<\/div>\n<\/li>\n<li>Gestion de la non-connexion \u00e0 Internet<\/li>\n<li>\n<div class=\"redFont\">Affichage des rappels \u00ab\u00a0\u00e0 venir\u00a0\u00bb dans la zone de notifications<\/div>\n<\/li>\n<li>Am\u00e9lioration de la validation des adresses email lors de l&rsquo;inscription<\/li>\n<li>Calcul de la consommation pour le premier plein<\/li>\n<li>\n<div class=\"redFont\">Affichage de la consommation du plein lors de l&rsquo;ajout ou la modification de ce dernier<\/div>\n<\/li>\n<\/ul>\n<p>&nbsp;<\/p>\n<p>Profites bien de ces nouveaut\u00e9s, dis-moi ce que tu en penses et surtout n&rsquo;h\u00e9sites pas \u00e0 me faire de nouvelles demandes, c&rsquo;est gr\u00e2ce \u00e0 toutes vos demandes que le site \u00e9volue !<\/p>\n","protected":false},"excerpt":{"rendered":"<p>Salut toi ! Comment \u00e7a va depuis le temps ? Oui je sais, presque 1 an sans mise \u00e0 jour, \u00e7a commence \u00e0 faire long&#8230; Mais promis je ne t&rsquo;ai pas oubli\u00e9, je travaille en parall\u00e8le du site \u00e0 une nouvelle version mobile bien plus puissante et plus au gout du jour ! Ceci dit, [&hellip;]<\/p>\n","protected":false},"author":1,"featured_media":0,"comment_status":"closed","ping_status":"open","sticky":false,"template":"","format":"standard","meta":{"_monsterinsights_skip_tracking":false,"_monsterinsights_sitenote_active":false,"_monsterinsights_sitenote_note":"","_monsterinsights_sitenote_category":0,"jetpack_post_was_ever_published":false,"_jetpack_newsletter_access":"","_jetpack_dont_email_post_to_subs":false,"_jetpack_newsletter_tier_id":0,"_jetpack_memberships_contains_paywalled_content":false,"_jetpack_memberships_contains_paid_content":false,"footnotes":"","jetpack_publicize_message":"","jetpack_publicize_feature_enabled":true,"jetpack_social_post_already_shared":true,"jetpack_social_options":{"image_generator_settings":{"template":"highway","enabled":false},"version":2}},"categories":[4,5,3],"tags":[],"class_list":["post-238","post","type-post","status-publish","format-standard","hentry","category-corrections-de-bugs","category-evolutions","category-nouveautes"],"jetpack_publicize_connections":[],"jetpack_featured_media_url":"","jetpack_sharing_enabled":true,"jetpack_shortlink":"https:\/\/wp.me\/p6YVWK-3Q","_links":{"self":[{"href":"http:\/\/frais-mobilite.com\/blog\/wp-json\/wp\/v2\/posts\/238"}],"collection":[{"href":"http:\/\/frais-mobilite.com\/blog\/wp-json\/wp\/v2\/posts"}],"about":[{"href":"http:\/\/frais-mobilite.com\/blog\/wp-json\/wp\/v2\/types\/post"}],"author":[{"embeddable":true,"href":"http:\/\/frais-mobilite.com\/blog\/wp-json\/wp\/v2\/users\/1"}],"replies":[{"embeddable":true,"href":"http:\/\/frais-mobilite.com\/blog\/wp-json\/wp\/v2\/comments?post=238"}],"version-history":[{"count":7,"href":"http:\/\/frais-mobilite.com\/blog\/wp-json\/wp\/v2\/posts\/238\/revisions"}],"predecessor-version":[{"id":253,"href":"http:\/\/frais-mobilite.com\/blog\/wp-json\/wp\/v2\/posts\/238\/revisions\/253"}],"wp:attachment":[{"href":"http:\/\/frais-mobilite.com\/blog\/wp-json\/wp\/v2\/media?parent=238"}],"wp:term":[{"taxonomy":"category","embeddable":true,"href":"http:\/\/frais-mobilite.com\/blog\/wp-json\/wp\/v2\/categories?post=238"},{"taxonomy":"post_tag","embeddable":true,"href":"http:\/\/frais-mobilite.com\/blog\/wp-json\/wp\/v2\/tags?post=238"}],"curies":[{"name":"wp","href":"https:\/\/api.w.org\/{rel}","templated":true}]}}