{"id":24,"date":"2012-06-18T22:00:43","date_gmt":"2012-06-18T22:00:43","guid":{"rendered":"http:\/\/frais-mobilite.com\/blog\/?p=24"},"modified":"2012-06-18T22:54:12","modified_gmt":"2012-06-18T22:54:12","slug":"applications-mobiles-nouvelle-version","status":"publish","type":"post","link":"http:\/\/frais-mobilite.com\/blog\/applications-mobiles-nouvelle-version\/","title":{"rendered":"Applications mobiles : nouvelle version!"},"content":{"rendered":"<p>Bonsoir,<\/p>\n<p>Un utilisateur m&rsquo;ayant remont\u00e9 un petit bug cette apr\u00e8s midi sur des smartphones ayant une petite r\u00e9solution d&rsquo;\u00e9cran, j&rsquo;ai corrig\u00e9 cela et vous mets donc \u00e0 disposition une nouvelle version. Si vous avez d\u00e9j\u00e0 install\u00e9 l&rsquo;application sur votre t\u00e9l\u00e9phone, je vous invite \u00e0 t\u00e9l\u00e9charger cette nouvelle version afin de profiter de cette correction!<\/p>\n<p>D&rsquo;ici peu de temps je mettrais \u00e0 disposition des fichiers \u00ab\u00a0changelog\u00a0\u00bb pour que vous puissiez voir les \u00e9volutions au fil des versions pour les applications mobiles mais aussi pour le site web en lui-m\u00eame.<\/p>\n","protected":false},"excerpt":{"rendered":"<p>Bonsoir, Un utilisateur m&rsquo;ayant remont\u00e9 un petit bug cette apr\u00e8s midi sur des smartphones ayant une petite r\u00e9solution d&rsquo;\u00e9cran, j&rsquo;ai corrig\u00e9 cela et vous mets donc \u00e0 disposition une nouvelle version. Si vous avez d\u00e9j\u00e0 install\u00e9 l&rsquo;application sur votre t\u00e9l\u00e9phone, je vous invite \u00e0 t\u00e9l\u00e9charger cette nouvelle version afin de profiter de cette correction! D&rsquo;ici [&hellip;]<\/p>\n","protected":false},"author":1,"featured_media":0,"comment_status":"open","ping_status":"open","sticky":false,"template":"","format":"standard","meta":{"_monsterinsights_skip_tracking":false,"_monsterinsights_sitenote_active":false,"_monsterinsights_sitenote_note":"","_monsterinsights_sitenote_category":0,"jetpack_post_was_ever_published":false,"_jetpack_newsletter_access":"","_jetpack_dont_email_post_to_subs":false,"_jetpack_newsletter_tier_id":0,"_jetpack_memberships_contains_paywalled_content":false,"_jetpack_memberships_contains_paid_content":false,"footnotes":"","jetpack_publicize_message":"","jetpack_publicize_feature_enabled":true,"jetpack_social_post_already_shared":false,"jetpack_social_options":{"image_generator_settings":{"template":"highway","enabled":false},"version":2}},"categories":[4],"tags":[],"class_list":["post-24","post","type-post","status-publish","format-standard","hentry","category-corrections-de-bugs"],"jetpack_publicize_connections":[],"jetpack_featured_media_url":"","jetpack_sharing_enabled":true,"jetpack_shortlink":"https:\/\/wp.me\/p6YVWK-o","_links":{"self":[{"href":"http:\/\/frais-mobilite.com\/blog\/wp-json\/wp\/v2\/posts\/24"}],"collection":[{"href":"http:\/\/frais-mobilite.com\/blog\/wp-json\/wp\/v2\/posts"}],"about":[{"href":"http:\/\/frais-mobilite.com\/blog\/wp-json\/wp\/v2\/types\/post"}],"author":[{"embeddable":true,"href":"http:\/\/frais-mobilite.com\/blog\/wp-json\/wp\/v2\/users\/1"}],"replies":[{"embeddable":true,"href":"http:\/\/frais-mobilite.com\/blog\/wp-json\/wp\/v2\/comments?post=24"}],"version-history":[{"count":2,"href":"http:\/\/frais-mobilite.com\/blog\/wp-json\/wp\/v2\/posts\/24\/revisions"}],"predecessor-version":[{"id":26,"href":"http:\/\/frais-mobilite.com\/blog\/wp-json\/wp\/v2\/posts\/24\/revisions\/26"}],"wp:attachment":[{"href":"http:\/\/frais-mobilite.com\/blog\/wp-json\/wp\/v2\/media?parent=24"}],"wp:term":[{"taxonomy":"category","embeddable":true,"href":"http:\/\/frais-mobilite.com\/blog\/wp-json\/wp\/v2\/categories?post=24"},{"taxonomy":"post_tag","embeddable":true,"href":"http:\/\/frais-mobilite.com\/blog\/wp-json\/wp\/v2\/tags?post=24"}],"curies":[{"name":"wp","href":"https:\/\/api.w.org\/{rel}","templated":true}]}}