{"id":254,"date":"2016-06-23T01:41:12","date_gmt":"2016-06-23T01:41:12","guid":{"rendered":"http:\/\/frais-mobilite.com\/blog\/?p=254"},"modified":"2024-09-05T12:24:22","modified_gmt":"2024-09-05T12:24:22","slug":"v-4-2-1-nouvelles-frequences-de-repetitions-des-rappels","status":"publish","type":"post","link":"http:\/\/frais-mobilite.com\/blog\/v-4-2-1-nouvelles-frequences-de-repetitions-des-rappels\/","title":{"rendered":"V 4.2.1 : nouvelles fr\u00e9quences de r\u00e9p\u00e9titions des rappels !"},"content":{"rendered":"<p>Salut !<\/p>\n<p>Suite \u00e0 la publication r\u00e9cente de la version 4.2.0, j&rsquo;ai re\u00e7u une demande d&rsquo;\u00e9volution de la part d&rsquo;un utilisateur qui souhaitait pouvoir programmer des rappels comportant des r\u00e9p\u00e9titions \u00e0 plus long terme afin de g\u00e9rer entre autres une vidange de boite automatique \u00e0 60 000kms ou encore un changement de courroie de distribution au bout de\u00a010 ans.<\/p>\n<p>Qu&rsquo;\u00e0 cela ne tienne, voici une petite mise \u00e0 jour incluant de nouvelles fr\u00e9quences !<\/p>\n<p><a href=\"http:\/\/frais-mobilite.com\/blog\/wp-content\/uploads\/2016\/06\/frequences_rappels.png\"><img loading=\"lazy\" decoding=\"async\" class=\"aligncenter size-full wp-image-255\" src=\"http:\/\/frais-mobilite.com\/blog\/wp-content\/uploads\/2016\/06\/frequences_rappels.png\" alt=\"frequences_rappels\" width=\"665\" height=\"494\" srcset=\"http:\/\/frais-mobilite.com\/blog\/wp-content\/uploads\/2016\/06\/frequences_rappels.png 665w, http:\/\/frais-mobilite.com\/blog\/wp-content\/uploads\/2016\/06\/frequences_rappels-300x223.png 300w\" sizes=\"(max-width: 665px) 100vw, 665px\" \/><\/a><\/p>\n<p>&nbsp;<\/p>\n<p>Si vous avez vous avez des demandes d&rsquo;\u00e9volutions, n&rsquo;h\u00e9sitez pas!<\/p>\n","protected":false},"excerpt":{"rendered":"<p>Salut ! Suite \u00e0 la publication r\u00e9cente de la version 4.2.0, j&rsquo;ai re\u00e7u une demande d&rsquo;\u00e9volution de la part d&rsquo;un utilisateur qui souhaitait pouvoir programmer des rappels comportant des r\u00e9p\u00e9titions \u00e0 plus long terme afin de g\u00e9rer entre autres une vidange de boite automatique \u00e0 60 000kms ou encore un changement de courroie de distribution [&hellip;]<\/p>\n","protected":false},"author":1,"featured_media":0,"comment_status":"closed","ping_status":"open","sticky":false,"template":"","format":"standard","meta":{"_monsterinsights_skip_tracking":false,"_monsterinsights_sitenote_active":false,"_monsterinsights_sitenote_note":"","_monsterinsights_sitenote_category":0,"jetpack_post_was_ever_published":false,"_jetpack_newsletter_access":"","_jetpack_dont_email_post_to_subs":false,"_jetpack_newsletter_tier_id":0,"_jetpack_memberships_contains_paywalled_content":false,"_jetpack_memberships_contains_paid_content":false,"footnotes":"","jetpack_publicize_message":"","jetpack_publicize_feature_enabled":true,"jetpack_social_post_already_shared":true,"jetpack_social_options":{"image_generator_settings":{"template":"highway","enabled":false},"version":2}},"categories":[5,3],"tags":[],"class_list":["post-254","post","type-post","status-publish","format-standard","hentry","category-evolutions","category-nouveautes"],"jetpack_publicize_connections":[],"jetpack_featured_media_url":"","jetpack_sharing_enabled":true,"jetpack_shortlink":"https:\/\/wp.me\/p6YVWK-46","_links":{"self":[{"href":"http:\/\/frais-mobilite.com\/blog\/wp-json\/wp\/v2\/posts\/254"}],"collection":[{"href":"http:\/\/frais-mobilite.com\/blog\/wp-json\/wp\/v2\/posts"}],"about":[{"href":"http:\/\/frais-mobilite.com\/blog\/wp-json\/wp\/v2\/types\/post"}],"author":[{"embeddable":true,"href":"http:\/\/frais-mobilite.com\/blog\/wp-json\/wp\/v2\/users\/1"}],"replies":[{"embeddable":true,"href":"http:\/\/frais-mobilite.com\/blog\/wp-json\/wp\/v2\/comments?post=254"}],"version-history":[{"count":1,"href":"http:\/\/frais-mobilite.com\/blog\/wp-json\/wp\/v2\/posts\/254\/revisions"}],"predecessor-version":[{"id":256,"href":"http:\/\/frais-mobilite.com\/blog\/wp-json\/wp\/v2\/posts\/254\/revisions\/256"}],"wp:attachment":[{"href":"http:\/\/frais-mobilite.com\/blog\/wp-json\/wp\/v2\/media?parent=254"}],"wp:term":[{"taxonomy":"category","embeddable":true,"href":"http:\/\/frais-mobilite.com\/blog\/wp-json\/wp\/v2\/categories?post=254"},{"taxonomy":"post_tag","embeddable":true,"href":"http:\/\/frais-mobilite.com\/blog\/wp-json\/wp\/v2\/tags?post=254"}],"curies":[{"name":"wp","href":"https:\/\/api.w.org\/{rel}","templated":true}]}}