{"id":262,"date":"2017-02-09T03:31:58","date_gmt":"2017-02-09T03:31:58","guid":{"rendered":"http:\/\/frais-mobilite.com\/blog\/?p=262"},"modified":"2024-09-05T12:24:22","modified_gmt":"2024-09-05T12:24:22","slug":"v-4-3-0-nouvelles-fonctionnalites-et-une-recherche-universelle","status":"publish","type":"post","link":"http:\/\/frais-mobilite.com\/blog\/v-4-3-0-nouvelles-fonctionnalites-et-une-recherche-universelle\/","title":{"rendered":"V 4.3.0 : Nouvelles fonctionnalit\u00e9s et une recherche universelle !"},"content":{"rendered":"<p>Bonjour chers utilisateurs !<\/p>\n<p>Une fois n&rsquo;est pas coutume, la fr\u00e9quence des mises \u00e0 jour est ralentie sur ce site pour diff\u00e9rentes raisons. La principale \u00e9tant que le site Internet et les applications sont d\u00e9sormais plus que matures et ne contiennent presque plus de bugs. Chaque nouveau d\u00e9veloppement est donc une nouvelle fonctionnalit\u00e9 et n&rsquo;est pas de tout repos !<\/p>\n<p>&nbsp;<\/p>\n<p>Aujourd&rsquo;hui, je vous propose la version 4.3.0 qui vous apporte, par exemple, quelques l\u00e9g\u00e8res modifications visuelles sur la page d&rsquo;accueil.<\/p>\n<p>La synth\u00e8se se voit ajout\u00e9e une information : la quantit\u00e9 moyenne par plein.<\/p>\n<p><a href=\"http:\/\/frais-mobilite.com\/blog\/wp-content\/uploads\/2017\/02\/Capture-d\u2019e\u0301cran-2017-02-08-a\u0300-22.10.08.png\"><img loading=\"lazy\" decoding=\"async\" class=\"aligncenter wp-image-263 size-large\" src=\"http:\/\/frais-mobilite.com\/blog\/wp-content\/uploads\/2017\/02\/Capture-d\u2019e\u0301cran-2017-02-08-a\u0300-22.10.08-1024x818.png\" width=\"640\" height=\"511\" srcset=\"http:\/\/frais-mobilite.com\/blog\/wp-content\/uploads\/2017\/02\/Capture-d\u2019e\u0301cran-2017-02-08-a\u0300-22.10.08-1024x818.png 1024w, http:\/\/frais-mobilite.com\/blog\/wp-content\/uploads\/2017\/02\/Capture-d\u2019e\u0301cran-2017-02-08-a\u0300-22.10.08-300x240.png 300w, http:\/\/frais-mobilite.com\/blog\/wp-content\/uploads\/2017\/02\/Capture-d\u2019e\u0301cran-2017-02-08-a\u0300-22.10.08-768x613.png 768w, http:\/\/frais-mobilite.com\/blog\/wp-content\/uploads\/2017\/02\/Capture-d\u2019e\u0301cran-2017-02-08-a\u0300-22.10.08.png 1142w\" sizes=\"(max-width: 640px) 100vw, 640px\" \/><\/a><\/p>\n<p>&nbsp;<\/p>\n<p>Dans les informations de chaque v\u00e9hicule vous pouvez d\u00e9sormais ajouter le num\u00e9ro de s\u00e9rie (\u00e9galement appel\u00e9 VIN) ainsi qu&rsquo;un champ \u00ab\u00a0Note\u00a0\u00bb. Ce dernier vous permet de m\u00e9moriser diverses informations sur la voiture \u00e0 votre guise.<\/p>\n<p>La grosse nouveaut\u00e9 de cette version c&rsquo;est la \u00ab\u00a0recherche universelle\u00a0\u00bb. Accessible depuis un bouton dans l&rsquo;ent\u00eate, cette derni\u00e8re vous permet de rechercher un mot, une phrase ou un chiffre parmi toutes les informations que vous avez saisie dans le site.<\/p>\n<p><a href=\"http:\/\/frais-mobilite.com\/blog\/wp-content\/uploads\/2017\/02\/Capture-d\u2019e\u0301cran-2017-02-08-a\u0300-22.13.37.png\"><img loading=\"lazy\" decoding=\"async\" class=\"aligncenter wp-image-264 \" src=\"http:\/\/frais-mobilite.com\/blog\/wp-content\/uploads\/2017\/02\/Capture-d\u2019e\u0301cran-2017-02-08-a\u0300-22.13.37.png\" width=\"535\" height=\"104\" srcset=\"http:\/\/frais-mobilite.com\/blog\/wp-content\/uploads\/2017\/02\/Capture-d\u2019e\u0301cran-2017-02-08-a\u0300-22.13.37.png 762w, http:\/\/frais-mobilite.com\/blog\/wp-content\/uploads\/2017\/02\/Capture-d\u2019e\u0301cran-2017-02-08-a\u0300-22.13.37-300x58.png 300w\" sizes=\"(max-width: 535px) 100vw, 535px\" \/><\/a><\/p>\n<p><a href=\"http:\/\/frais-mobilite.com\/blog\/wp-content\/uploads\/2017\/02\/Capture-d\u2019e\u0301cran-2017-02-08-a\u0300-22.13.47.png\"><img loading=\"lazy\" decoding=\"async\" class=\"aligncenter wp-image-265 \" src=\"http:\/\/frais-mobilite.com\/blog\/wp-content\/uploads\/2017\/02\/Capture-d\u2019e\u0301cran-2017-02-08-a\u0300-22.13.47.png\" width=\"800\" height=\"101\" srcset=\"http:\/\/frais-mobilite.com\/blog\/wp-content\/uploads\/2017\/02\/Capture-d\u2019e\u0301cran-2017-02-08-a\u0300-22.13.47.png 1138w, http:\/\/frais-mobilite.com\/blog\/wp-content\/uploads\/2017\/02\/Capture-d\u2019e\u0301cran-2017-02-08-a\u0300-22.13.47-300x38.png 300w, http:\/\/frais-mobilite.com\/blog\/wp-content\/uploads\/2017\/02\/Capture-d\u2019e\u0301cran-2017-02-08-a\u0300-22.13.47-768x97.png 768w, http:\/\/frais-mobilite.com\/blog\/wp-content\/uploads\/2017\/02\/Capture-d\u2019e\u0301cran-2017-02-08-a\u0300-22.13.47-1024x130.png 1024w\" sizes=\"(max-width: 800px) 100vw, 800px\" \/><\/a><\/p>\n<p><a href=\"http:\/\/frais-mobilite.com\/blog\/wp-content\/uploads\/2017\/02\/Capture-d\u2019e\u0301cran-2017-02-08-a\u0300-22.16.10.png\"><img loading=\"lazy\" decoding=\"async\" class=\"aligncenter wp-image-267 \" src=\"http:\/\/frais-mobilite.com\/blog\/wp-content\/uploads\/2017\/02\/Capture-d\u2019e\u0301cran-2017-02-08-a\u0300-22.16.10-1024x547.png\" width=\"713\" height=\"381\" srcset=\"http:\/\/frais-mobilite.com\/blog\/wp-content\/uploads\/2017\/02\/Capture-d\u2019e\u0301cran-2017-02-08-a\u0300-22.16.10-1024x547.png 1024w, http:\/\/frais-mobilite.com\/blog\/wp-content\/uploads\/2017\/02\/Capture-d\u2019e\u0301cran-2017-02-08-a\u0300-22.16.10-300x160.png 300w, http:\/\/frais-mobilite.com\/blog\/wp-content\/uploads\/2017\/02\/Capture-d\u2019e\u0301cran-2017-02-08-a\u0300-22.16.10-768x410.png 768w\" sizes=\"(max-width: 713px) 100vw, 713px\" \/><\/a><\/p>\n<p>&nbsp;<\/p>\n<p>Cette version introduit \u00e9galement des b\u00eata-tests de fonctionnalit\u00e9s destin\u00e9es aux comptes Pro. Ces comptes ne sont pas encore disponibles \u00e0 l&rsquo;achat mais je vous promet de vous en dire plus d\u00e8s que cela se concr\u00e9tise !<\/p>\n<p>Pour ce qui est du mobile j&rsquo;ai \u00e9galement une tr\u00e8s grande nouvelle \u00e0 vous annoncer : le probl\u00e8me qui emp\u00eachait les utilisateurs de Windows Phone de saisir des chiffres \u00e0 virgules est, une fois pour toute, r\u00e9gl\u00e9 ! Je tiens \u00e0 m&rsquo;excuser une fois de plus aupr\u00e8s de tous ces utilisateurs. En esp\u00e9rant que vous accepterez de donner une seconde chance \u00e0 cette application&#8230;<\/p>\n<p>&nbsp;<\/p>\n<p>Encore merci pour votre fid\u00e9lit\u00e9 et vos diff\u00e9rents mails me permettant de faire \u00e9voluer ce site de la mani\u00e8re dont VOUS le souhaitez !<\/p>\n","protected":false},"excerpt":{"rendered":"<p>Bonjour chers utilisateurs ! Une fois n&rsquo;est pas coutume, la fr\u00e9quence des mises \u00e0 jour est ralentie sur ce site pour diff\u00e9rentes raisons. La principale \u00e9tant que le site Internet et les applications sont d\u00e9sormais plus que matures et ne contiennent presque plus de bugs. Chaque nouveau d\u00e9veloppement est donc une nouvelle fonctionnalit\u00e9 et n&rsquo;est [&hellip;]<\/p>\n","protected":false},"author":1,"featured_media":0,"comment_status":"closed","ping_status":"open","sticky":false,"template":"","format":"standard","meta":{"_monsterinsights_skip_tracking":false,"_monsterinsights_sitenote_active":false,"_monsterinsights_sitenote_note":"","_monsterinsights_sitenote_category":0,"jetpack_post_was_ever_published":false,"_jetpack_newsletter_access":"","_jetpack_dont_email_post_to_subs":true,"_jetpack_newsletter_tier_id":0,"_jetpack_memberships_contains_paywalled_content":false,"_jetpack_memberships_contains_paid_content":false,"footnotes":"","jetpack_publicize_message":"V 4.3.0 : Nouvelles fonctionnalit\u00e9s et une recherche universelle !","jetpack_publicize_feature_enabled":true,"jetpack_social_post_already_shared":true,"jetpack_social_options":{"image_generator_settings":{"template":"highway","enabled":false},"version":2}},"categories":[5,3],"tags":[],"class_list":["post-262","post","type-post","status-publish","format-standard","hentry","category-evolutions","category-nouveautes"],"jetpack_publicize_connections":[],"jetpack_featured_media_url":"","jetpack_sharing_enabled":true,"jetpack_shortlink":"https:\/\/wp.me\/p6YVWK-4e","_links":{"self":[{"href":"http:\/\/frais-mobilite.com\/blog\/wp-json\/wp\/v2\/posts\/262"}],"collection":[{"href":"http:\/\/frais-mobilite.com\/blog\/wp-json\/wp\/v2\/posts"}],"about":[{"href":"http:\/\/frais-mobilite.com\/blog\/wp-json\/wp\/v2\/types\/post"}],"author":[{"embeddable":true,"href":"http:\/\/frais-mobilite.com\/blog\/wp-json\/wp\/v2\/users\/1"}],"replies":[{"embeddable":true,"href":"http:\/\/frais-mobilite.com\/blog\/wp-json\/wp\/v2\/comments?post=262"}],"version-history":[{"count":1,"href":"http:\/\/frais-mobilite.com\/blog\/wp-json\/wp\/v2\/posts\/262\/revisions"}],"predecessor-version":[{"id":268,"href":"http:\/\/frais-mobilite.com\/blog\/wp-json\/wp\/v2\/posts\/262\/revisions\/268"}],"wp:attachment":[{"href":"http:\/\/frais-mobilite.com\/blog\/wp-json\/wp\/v2\/media?parent=262"}],"wp:term":[{"taxonomy":"category","embeddable":true,"href":"http:\/\/frais-mobilite.com\/blog\/wp-json\/wp\/v2\/categories?post=262"},{"taxonomy":"post_tag","embeddable":true,"href":"http:\/\/frais-mobilite.com\/blog\/wp-json\/wp\/v2\/tags?post=262"}],"curies":[{"name":"wp","href":"https:\/\/api.w.org\/{rel}","templated":true}]}}