{"id":284,"date":"2017-12-31T01:09:12","date_gmt":"2017-12-31T01:09:12","guid":{"rendered":"http:\/\/frais-mobilite.com\/blog\/?p=284"},"modified":"2024-09-05T12:24:22","modified_gmt":"2024-09-05T12:24:22","slug":"v-4-4-0-des-emails-qui-ont-de-lallure-moins-de-bugs-et-une-bonne-annee","status":"publish","type":"post","link":"http:\/\/frais-mobilite.com\/blog\/v-4-4-0-des-emails-qui-ont-de-lallure-moins-de-bugs-et-une-bonne-annee\/","title":{"rendered":"V 4.4.0 : Des emails qui ont de l&rsquo;allure, moins de bugs et une bonne ann\u00e9e !"},"content":{"rendered":"<p>&nbsp;<\/p>\n<p>Bien le bonjour cher utilisateur !<\/p>\n<p>Tu connais s\u00fbrement l&rsquo;adage \u00ab\u00a0On ne change pas une \u00e9quipe qui gagne\u00a0\u00bb. Et bien on est en plein dedans ! 10 mois se sont \u00e9coul\u00e9s depuis la derni\u00e8re mise \u00e0 jour du site pour la m\u00eame raison que la derni\u00e8re fois : le site est stable, fonctionnel et ne n\u00e9cessite plus de nouveaut\u00e9s pour l&rsquo;instant.<\/p>\n<p>J&rsquo;ai quand m\u00eame fait quelques ajustements !<\/p>\n<p>&nbsp;<\/p>\n<ul>\n<li>Corrections de bugs dans la recherche<\/li>\n<li>Ajout d&rsquo;une tol\u00e9rance de 5% dans la gestion des \u00e9volutions de la consommation entre 2 pleins<\/li>\n<li>Ajout de Google Captcha \u00e0 l&rsquo;inscription (\u00ab\u00a0Je ne suis pas un robot\u00a0\u00bb)<\/li>\n<li>Les mails envoy\u00e9s par le site sont d\u00e9sormais plus beaux :<\/li>\n<\/ul>\n<p><a href=\"http:\/\/frais-mobilite.com\/blog\/wp-content\/uploads\/2017\/12\/Screenshot_20171230-194805.png\"><img loading=\"lazy\" decoding=\"async\" class=\"aligncenter wp-image-285 size-large\" src=\"http:\/\/frais-mobilite.com\/blog\/wp-content\/uploads\/2017\/12\/Screenshot_20171230-194805-792x1024.png\" alt=\"\" width=\"640\" height=\"827\" srcset=\"http:\/\/frais-mobilite.com\/blog\/wp-content\/uploads\/2017\/12\/Screenshot_20171230-194805-792x1024.png 792w, http:\/\/frais-mobilite.com\/blog\/wp-content\/uploads\/2017\/12\/Screenshot_20171230-194805-232x300.png 232w, http:\/\/frais-mobilite.com\/blog\/wp-content\/uploads\/2017\/12\/Screenshot_20171230-194805-768x993.png 768w, http:\/\/frais-mobilite.com\/blog\/wp-content\/uploads\/2017\/12\/Screenshot_20171230-194805.png 928w\" sizes=\"(max-width: 640px) 100vw, 640px\" \/><\/a><\/p>\n<p>&nbsp;<\/p>\n<p>Voil\u00e0 qui cl\u00f4ture l&rsquo;ann\u00e9e 2017.\u00a0En vous souhaitant \u00e0 tous une tr\u00e8s bonne ann\u00e9e 2018, bonheur, sant\u00e9 et faites attention sur la route !<\/p>\n","protected":false},"excerpt":{"rendered":"<p>&nbsp; Bien le bonjour cher utilisateur ! Tu connais s\u00fbrement l&rsquo;adage \u00ab\u00a0On ne change pas une \u00e9quipe qui gagne\u00a0\u00bb. Et bien on est en plein dedans ! 10 mois se sont \u00e9coul\u00e9s depuis la derni\u00e8re mise \u00e0 jour du site pour la m\u00eame raison que la derni\u00e8re fois : le site est stable, fonctionnel et [&hellip;]<\/p>\n","protected":false},"author":1,"featured_media":0,"comment_status":"closed","ping_status":"open","sticky":false,"template":"","format":"standard","meta":{"_monsterinsights_skip_tracking":false,"_monsterinsights_sitenote_active":false,"_monsterinsights_sitenote_note":"","_monsterinsights_sitenote_category":0,"jetpack_post_was_ever_published":false,"_jetpack_newsletter_access":"","_jetpack_dont_email_post_to_subs":false,"_jetpack_newsletter_tier_id":0,"_jetpack_memberships_contains_paywalled_content":false,"_jetpack_memberships_contains_paid_content":false,"footnotes":"","jetpack_publicize_message":"","jetpack_publicize_feature_enabled":true,"jetpack_social_post_already_shared":true,"jetpack_social_options":{"image_generator_settings":{"template":"highway","enabled":false},"version":2}},"categories":[4,5,3],"tags":[],"class_list":["post-284","post","type-post","status-publish","format-standard","hentry","category-corrections-de-bugs","category-evolutions","category-nouveautes"],"jetpack_publicize_connections":[],"jetpack_featured_media_url":"","jetpack_sharing_enabled":true,"jetpack_shortlink":"https:\/\/wp.me\/p6YVWK-4A","_links":{"self":[{"href":"http:\/\/frais-mobilite.com\/blog\/wp-json\/wp\/v2\/posts\/284"}],"collection":[{"href":"http:\/\/frais-mobilite.com\/blog\/wp-json\/wp\/v2\/posts"}],"about":[{"href":"http:\/\/frais-mobilite.com\/blog\/wp-json\/wp\/v2\/types\/post"}],"author":[{"embeddable":true,"href":"http:\/\/frais-mobilite.com\/blog\/wp-json\/wp\/v2\/users\/1"}],"replies":[{"embeddable":true,"href":"http:\/\/frais-mobilite.com\/blog\/wp-json\/wp\/v2\/comments?post=284"}],"version-history":[{"count":1,"href":"http:\/\/frais-mobilite.com\/blog\/wp-json\/wp\/v2\/posts\/284\/revisions"}],"predecessor-version":[{"id":286,"href":"http:\/\/frais-mobilite.com\/blog\/wp-json\/wp\/v2\/posts\/284\/revisions\/286"}],"wp:attachment":[{"href":"http:\/\/frais-mobilite.com\/blog\/wp-json\/wp\/v2\/media?parent=284"}],"wp:term":[{"taxonomy":"category","embeddable":true,"href":"http:\/\/frais-mobilite.com\/blog\/wp-json\/wp\/v2\/categories?post=284"},{"taxonomy":"post_tag","embeddable":true,"href":"http:\/\/frais-mobilite.com\/blog\/wp-json\/wp\/v2\/tags?post=284"}],"curies":[{"name":"wp","href":"https:\/\/api.w.org\/{rel}","templated":true}]}}