{"id":289,"date":"2018-08-07T19:07:08","date_gmt":"2018-08-07T19:07:08","guid":{"rendered":"http:\/\/frais-mobilite.com\/blog\/?p=289"},"modified":"2024-09-05T12:24:22","modified_gmt":"2024-09-05T12:24:22","slug":"v-4-6-0-et-si-on-analysait-nos-donnees-avec-style-et-sur-mobile-maintenant","status":"publish","type":"post","link":"http:\/\/frais-mobilite.com\/blog\/v-4-6-0-et-si-on-analysait-nos-donnees-avec-style-et-sur-mobile-maintenant\/","title":{"rendered":"V 4.6.0 : Et si on analysait nos donn\u00e9es avec style et sur mobile maintenant ?"},"content":{"rendered":"<p>Salut \u00e0 toi cher utilisateur !<\/p>\n<p>&nbsp;<\/p>\n<p>En plein dans la p\u00e9riode des vacances pour la plupart d&rsquo;entre nous, c&rsquo;est \u00e9galement la p\u00e9riode de l&rsquo;ann\u00e9e o\u00f9 l&rsquo;on parcours le plus de kilom\u00e8tres en g\u00e9n\u00e9ral. Plus on roule plus on d\u00e9pense, il n&rsquo;y a pas de magie, mais si on pouvait analyser plus finement ces d\u00e9penses ce serait bien non?<\/p>\n<p>Voici venu 5 nouveaux graphiques qui pourront vous aider\u00a0 dans vos analyses mais c&rsquo;est \u00e9galement le d\u00e9but des analyses financi\u00e8res. Jusqu&rsquo;\u00e0 maintenant on se contentait de lister les frais, maintenant on les visualise et c&rsquo;est bien mieux !<\/p>\n<ul>\n<li>D\u00e9penses des derniers mois<\/li>\n<li>D\u00e9penses par ann\u00e9e<\/li>\n<li>R\u00e9partition des d\u00e9penses<\/li>\n<li>Kilom\u00e9trage mensuel<\/li>\n<li>Kilom\u00e9trage annuel<\/li>\n<\/ul>\n<p><a href=\"http:\/\/frais-mobilite.com\/blog\/wp-content\/uploads\/2018\/08\/graphiques.png\"><img loading=\"lazy\" decoding=\"async\" class=\"aligncenter wp-image-291 size-large\" src=\"http:\/\/frais-mobilite.com\/blog\/wp-content\/uploads\/2018\/08\/graphiques-1024x508.png\" alt=\"\" width=\"640\" height=\"318\" srcset=\"http:\/\/frais-mobilite.com\/blog\/wp-content\/uploads\/2018\/08\/graphiques-1024x508.png 1024w, http:\/\/frais-mobilite.com\/blog\/wp-content\/uploads\/2018\/08\/graphiques-300x149.png 300w, http:\/\/frais-mobilite.com\/blog\/wp-content\/uploads\/2018\/08\/graphiques-768x381.png 768w, http:\/\/frais-mobilite.com\/blog\/wp-content\/uploads\/2018\/08\/graphiques.png 1895w\" sizes=\"(max-width: 640px) 100vw, 640px\" \/><\/a><\/p>\n<p>Pour les utilisateurs mobile c&rsquo;est la premi\u00e8re fois que l&rsquo;on va pouvoir voir nos graphiques directement dans l&rsquo;application (ou sur le site mobile) !\u00a0\u00a0<em>(D&rsquo;ailleurs j&rsquo;attends avec impatience vos commentaires sur cette page et ces fonctionnalit\u00e9s)<\/em><\/p>\n<p><a href=\"http:\/\/frais-mobilite.com\/blog\/wp-content\/uploads\/2018\/08\/2018-08-06-22.20.02_framed.png\"><img loading=\"lazy\" decoding=\"async\" class=\"aligncenter size-large wp-image-292\" src=\"http:\/\/frais-mobilite.com\/blog\/wp-content\/uploads\/2018\/08\/2018-08-06-22.20.02_framed-577x1024.png\" alt=\"\" width=\"577\" height=\"1024\" srcset=\"http:\/\/frais-mobilite.com\/blog\/wp-content\/uploads\/2018\/08\/2018-08-06-22.20.02_framed-577x1024.png 577w, http:\/\/frais-mobilite.com\/blog\/wp-content\/uploads\/2018\/08\/2018-08-06-22.20.02_framed-169x300.png 169w, http:\/\/frais-mobilite.com\/blog\/wp-content\/uploads\/2018\/08\/2018-08-06-22.20.02_framed-768x1363.png 768w\" sizes=\"(max-width: 577px) 100vw, 577px\" \/><\/a> <a href=\"http:\/\/frais-mobilite.com\/blog\/wp-content\/uploads\/2018\/08\/2018-08-06-22.20.22_framed.png\"><img loading=\"lazy\" decoding=\"async\" class=\"aligncenter size-large wp-image-293\" src=\"http:\/\/frais-mobilite.com\/blog\/wp-content\/uploads\/2018\/08\/2018-08-06-22.20.22_framed-1024x577.png\" alt=\"\" width=\"640\" height=\"361\" srcset=\"http:\/\/frais-mobilite.com\/blog\/wp-content\/uploads\/2018\/08\/2018-08-06-22.20.22_framed-1024x577.png 1024w, http:\/\/frais-mobilite.com\/blog\/wp-content\/uploads\/2018\/08\/2018-08-06-22.20.22_framed-300x169.png 300w, http:\/\/frais-mobilite.com\/blog\/wp-content\/uploads\/2018\/08\/2018-08-06-22.20.22_framed-768x433.png 768w\" sizes=\"(max-width: 640px) 100vw, 640px\" \/><\/a><\/p>\n<p>Voil\u00e0 qui cl\u00f4ture cette version 4.6.0, si tu as des remarques, des questions ou des insultes, tu sais o\u00f9 me trouver ^^<\/p>\n","protected":false},"excerpt":{"rendered":"<p>Salut \u00e0 toi cher utilisateur ! &nbsp; En plein dans la p\u00e9riode des vacances pour la plupart d&rsquo;entre nous, c&rsquo;est \u00e9galement la p\u00e9riode de l&rsquo;ann\u00e9e o\u00f9 l&rsquo;on parcours le plus de kilom\u00e8tres en g\u00e9n\u00e9ral. Plus on roule plus on d\u00e9pense, il n&rsquo;y a pas de magie, mais si on pouvait analyser plus finement ces d\u00e9penses [&hellip;]<\/p>\n","protected":false},"author":1,"featured_media":0,"comment_status":"closed","ping_status":"open","sticky":false,"template":"","format":"standard","meta":{"_monsterinsights_skip_tracking":false,"_monsterinsights_sitenote_active":false,"_monsterinsights_sitenote_note":"","_monsterinsights_sitenote_category":0,"jetpack_post_was_ever_published":false,"_jetpack_newsletter_access":"","_jetpack_dont_email_post_to_subs":false,"_jetpack_newsletter_tier_id":0,"_jetpack_memberships_contains_paywalled_content":false,"_jetpack_memberships_contains_paid_content":false,"footnotes":"","jetpack_publicize_message":"","jetpack_publicize_feature_enabled":true,"jetpack_social_post_already_shared":true,"jetpack_social_options":{"image_generator_settings":{"template":"highway","enabled":false},"version":2}},"categories":[5,3],"tags":[],"class_list":["post-289","post","type-post","status-publish","format-standard","hentry","category-evolutions","category-nouveautes"],"jetpack_publicize_connections":[],"jetpack_featured_media_url":"","jetpack_sharing_enabled":true,"jetpack_shortlink":"https:\/\/wp.me\/p6YVWK-4F","_links":{"self":[{"href":"http:\/\/frais-mobilite.com\/blog\/wp-json\/wp\/v2\/posts\/289"}],"collection":[{"href":"http:\/\/frais-mobilite.com\/blog\/wp-json\/wp\/v2\/posts"}],"about":[{"href":"http:\/\/frais-mobilite.com\/blog\/wp-json\/wp\/v2\/types\/post"}],"author":[{"embeddable":true,"href":"http:\/\/frais-mobilite.com\/blog\/wp-json\/wp\/v2\/users\/1"}],"replies":[{"embeddable":true,"href":"http:\/\/frais-mobilite.com\/blog\/wp-json\/wp\/v2\/comments?post=289"}],"version-history":[{"count":3,"href":"http:\/\/frais-mobilite.com\/blog\/wp-json\/wp\/v2\/posts\/289\/revisions"}],"predecessor-version":[{"id":296,"href":"http:\/\/frais-mobilite.com\/blog\/wp-json\/wp\/v2\/posts\/289\/revisions\/296"}],"wp:attachment":[{"href":"http:\/\/frais-mobilite.com\/blog\/wp-json\/wp\/v2\/media?parent=289"}],"wp:term":[{"taxonomy":"category","embeddable":true,"href":"http:\/\/frais-mobilite.com\/blog\/wp-json\/wp\/v2\/categories?post=289"},{"taxonomy":"post_tag","embeddable":true,"href":"http:\/\/frais-mobilite.com\/blog\/wp-json\/wp\/v2\/tags?post=289"}],"curies":[{"name":"wp","href":"https:\/\/api.w.org\/{rel}","templated":true}]}}