{"id":31,"date":"2012-07-04T12:19:04","date_gmt":"2012-07-04T12:19:04","guid":{"rendered":"http:\/\/frais-mobilite.com\/blog\/?p=31"},"modified":"2012-07-04T12:19:04","modified_gmt":"2012-07-04T12:19:04","slug":"petit-point-sur-les-moyens-de-communication-entre-vous-et-nous","status":"publish","type":"post","link":"http:\/\/frais-mobilite.com\/blog\/petit-point-sur-les-moyens-de-communication-entre-vous-et-nous\/","title":{"rendered":"Petit point sur les moyens de communication entre vous et nous!"},"content":{"rendered":"<p>Bonjour,<\/p>\n<p>&nbsp;<\/p>\n<p>Je vous avais dit au lancement de ce site que l&rsquo;une de ses principales caract\u00e9ristiques serait la relation entre vous et nous. J&rsquo;ai donc aujourd&rsquo;hui d\u00e9cid\u00e9 de vous pr\u00e9senter les diff\u00e9rents moyens de communication. Autant ceux qui s&rsquo;offrent \u00e0 vous pour nous faire un retour que ceux dont nous disposons pour vous faire partager des informations mais \u00e9galement ceux qui nous permettrons de discuter, d&rsquo;\u00e9changer librement.<\/p>\n<p><!--more--><span style=\"text-decoration: underline; color: #0000ff;\">1. De vous \u00e0 nous!<\/span><\/p>\n<p>Commen\u00e7ons par le plus simple et le plus connu : le mail!<\/p>\n<p>Via votre messagerie favorite, \u00e9crivez \u00e0 contact@frais-mobilite.com, n&rsquo;oubliez pas de pr\u00e9ciser votre identifiant si votre mail et l\u00e0 pour exposer un probl\u00e8me li\u00e9 \u00e0 votre compte.<\/p>\n<p>Dans peu de temps je mettrais en place une page de contact qui vous facilitera la d\u00e9marche.<\/p>\n<p>&nbsp;<\/p>\n<p>Ensuite, un autre moyen tout aussi classique est de commenter les articles publi\u00e9s sur ce blog. Pour cela, rien de plus simple, en bas de chaque article vous disposez d&rsquo;un petit formulaire. Exprimez vous librement !<\/p>\n<p>&nbsp;<\/p>\n<p>Enfin, un moyen de communication plus technologique : le bouton \u00ab\u00a0Feedback\u00a0\u00bb.<\/p>\n<p>Vous trouverez ce bouton \u00e0 gauche sur toutes les pages du site.<\/p>\n<p><a href=\"http:\/\/frais-mobilite.com\/blog\/wp-content\/uploads\/2012\/07\/btn_feedback.jpg\"><img loading=\"lazy\" decoding=\"async\" class=\"aligncenter size-full wp-image-33\" title=\"btn_feedback\" src=\"http:\/\/frais-mobilite.com\/blog\/wp-content\/uploads\/2012\/07\/btn_feedback.jpg\" alt=\"\" width=\"800\" height=\"600\" srcset=\"http:\/\/frais-mobilite.com\/blog\/wp-content\/uploads\/2012\/07\/btn_feedback.jpg 800w, http:\/\/frais-mobilite.com\/blog\/wp-content\/uploads\/2012\/07\/btn_feedback-300x225.jpg 300w\" sizes=\"(max-width: 800px) 100vw, 800px\" \/><\/a><\/p>\n<p>Un simple clic dessus vous ouvrira cette petite fen\u00eatre \u00e0 l&rsquo;int\u00e9rieur du site.<\/p>\n<p><a href=\"http:\/\/frais-mobilite.com\/blog\/wp-content\/uploads\/2012\/07\/window_feedback.jpg\"><img loading=\"lazy\" decoding=\"async\" class=\"aligncenter size-full wp-image-34\" title=\"window_feedback\" src=\"http:\/\/frais-mobilite.com\/blog\/wp-content\/uploads\/2012\/07\/window_feedback.jpg\" alt=\"\" width=\"702\" height=\"373\" srcset=\"http:\/\/frais-mobilite.com\/blog\/wp-content\/uploads\/2012\/07\/window_feedback.jpg 702w, http:\/\/frais-mobilite.com\/blog\/wp-content\/uploads\/2012\/07\/window_feedback-300x159.jpg 300w\" sizes=\"(max-width: 702px) 100vw, 702px\" \/><\/a><\/p>\n<p>Vous pouvez soumettre ici vos id\u00e9es, des questions, des probl\u00e8mes mais aussi des petits mots de remerciement \ud83d\ude42 Ca fait toujours plaisir!<\/p>\n<p>&nbsp;<\/p>\n<p><span style=\"text-decoration: underline; color: #0000ff;\">2. De nous pour vous!<\/span><\/p>\n<p>Sans grande surprise, un des moyens de communication est ce blog. Comme je le disais lors de l&rsquo;ouverture de ce dernier, vous y trouverez tout type d&rsquo;informations. Aussi bien sur des corrections de bugs que sur des maintenances pr\u00e9vues ou encore des remerciements! (oui, dans les deux sens :)).<\/p>\n<p>Li\u00e9 \u00e0 ce blog, vous disposez \u00e9galement d&rsquo;un flux RSS pour nous suivre depuis votre lecteur de flux favori.<\/p>\n<p>&nbsp;<\/p>\n<p>Un autre moyen dont nous disposons et qui n&rsquo;a pas du vous \u00e9chapper : la banni\u00e8re du site. Elle vous r\u00e9sume certaines grandes op\u00e9rations sur le site et vous redirigera le plus souvent vers un article du blog comportant plus de d\u00e9tails.<\/p>\n<p>&nbsp;<\/p>\n<p>Selon vos d\u00e9sirs, j&rsquo;envisage \u00e9galement de mettre en place une newsletter dont je ne connais pas encore la fr\u00e9quence. Tout ce que je sais c&rsquo;est qu&rsquo;elle doit \u00eatre courte, int\u00e9ressante et ne pas surcharger votre boite mail tous les matins!<\/p>\n<p>Merci de m&rsquo;indiquer dans les commentaires si cela vous int\u00e9resse.<\/p>\n<p>&nbsp;<\/p>\n<p><span style=\"text-decoration: underline;\"><span style=\"color: #0000ff; text-decoration: underline;\">3. Dans les deux sens en m\u00eame temps!<\/span><\/span><\/p>\n<p>Je travaille actuellement \u00e0 une page Facebook ainsi qu&rsquo;une page Google+ pour que vous retrouviez les nouvelles de votre site pr\u00e9f\u00e9r\u00e9 (?) dans vos r\u00e9seaux sociaux!<\/p>\n<p>Pas d&rsquo;\u00e9ch\u00e9ance pr\u00e9vue pour ces pages, je fais au plus vite et vous tiendrais \u00e9videmment au courant \ud83d\ude42<\/p>\n<p>&nbsp;<\/p>\n<p>De plus, si vous avez des suggestions de communication n&rsquo;h\u00e9sitez pas \u00e0 nous les soumettre!<\/p>\n","protected":false},"excerpt":{"rendered":"<p>Bonjour, &nbsp; Je vous avais dit au lancement de ce site que l&rsquo;une de ses principales caract\u00e9ristiques serait la relation entre vous et nous. J&rsquo;ai donc aujourd&rsquo;hui d\u00e9cid\u00e9 de vous pr\u00e9senter les diff\u00e9rents moyens de communication. Autant ceux qui s&rsquo;offrent \u00e0 vous pour nous faire un retour que ceux dont nous disposons pour vous faire [&hellip;]<\/p>\n","protected":false},"author":1,"featured_media":0,"comment_status":"open","ping_status":"open","sticky":false,"template":"","format":"standard","meta":{"_monsterinsights_skip_tracking":false,"_monsterinsights_sitenote_active":false,"_monsterinsights_sitenote_note":"","_monsterinsights_sitenote_category":0,"jetpack_post_was_ever_published":false,"_jetpack_newsletter_access":"","_jetpack_dont_email_post_to_subs":false,"_jetpack_newsletter_tier_id":0,"_jetpack_memberships_contains_paywalled_content":false,"_jetpack_memberships_contains_paid_content":false,"footnotes":"","jetpack_publicize_message":"","jetpack_publicize_feature_enabled":true,"jetpack_social_post_already_shared":false,"jetpack_social_options":{"image_generator_settings":{"template":"highway","enabled":false},"version":2}},"categories":[5,6],"tags":[],"class_list":["post-31","post","type-post","status-publish","format-standard","hentry","category-evolutions","category-vie-du-site"],"jetpack_publicize_connections":[],"jetpack_featured_media_url":"","jetpack_sharing_enabled":true,"jetpack_shortlink":"https:\/\/wp.me\/p6YVWK-v","_links":{"self":[{"href":"http:\/\/frais-mobilite.com\/blog\/wp-json\/wp\/v2\/posts\/31"}],"collection":[{"href":"http:\/\/frais-mobilite.com\/blog\/wp-json\/wp\/v2\/posts"}],"about":[{"href":"http:\/\/frais-mobilite.com\/blog\/wp-json\/wp\/v2\/types\/post"}],"author":[{"embeddable":true,"href":"http:\/\/frais-mobilite.com\/blog\/wp-json\/wp\/v2\/users\/1"}],"replies":[{"embeddable":true,"href":"http:\/\/frais-mobilite.com\/blog\/wp-json\/wp\/v2\/comments?post=31"}],"version-history":[{"count":8,"href":"http:\/\/frais-mobilite.com\/blog\/wp-json\/wp\/v2\/posts\/31\/revisions"}],"predecessor-version":[{"id":41,"href":"http:\/\/frais-mobilite.com\/blog\/wp-json\/wp\/v2\/posts\/31\/revisions\/41"}],"wp:attachment":[{"href":"http:\/\/frais-mobilite.com\/blog\/wp-json\/wp\/v2\/media?parent=31"}],"wp:term":[{"taxonomy":"category","embeddable":true,"href":"http:\/\/frais-mobilite.com\/blog\/wp-json\/wp\/v2\/categories?post=31"},{"taxonomy":"post_tag","embeddable":true,"href":"http:\/\/frais-mobilite.com\/blog\/wp-json\/wp\/v2\/tags?post=31"}],"curies":[{"name":"wp","href":"https:\/\/api.w.org\/{rel}","templated":true}]}}