{"id":51,"date":"2012-08-22T07:17:10","date_gmt":"2012-08-22T07:17:10","guid":{"rendered":"http:\/\/frais-mobilite.com\/blog\/?p=51"},"modified":"2012-08-27T19:48:59","modified_gmt":"2012-08-27T19:48:59","slug":"v2-0-1-maintenance-du-2108","status":"publish","type":"post","link":"http:\/\/frais-mobilite.com\/blog\/v2-0-1-maintenance-du-2108\/","title":{"rendered":"V2.0.1, maintenance du 21\/08"},"content":{"rendered":"<p>Une l\u00e9g\u00e8re maintenance a eu lieu hier soir, au programme :<br \/>\n&#8211; ajout d&rsquo;une page de Foire Aux Questions (<a href=\"http:\/\/frais-mobilite.com\/index.php?page=faq\" target=\"_blank\">FAQ<\/a>) et d&rsquo;une page d\u00e9di\u00e9e aux <a href=\"http:\/\/frais-mobilite.com\/index.php?page=partenaires\" target=\"_blank\">partenaires<\/a><br \/>\n&#8211; mises \u00e0 jour techniques internes mineures<\/p>\n<p>A l&rsquo;avenir, je consignerais toutes les questions qui me sont pos\u00e9es dans cette FAQ.<\/p>\n<p>Si vous souhaitez r\u00e9aliser un \u00e9change de liens, contactez moi directement et vous appara\u00eetrez dans la page des partenaires. Pensez \u00e9galement a me fournir une image pour illustrer ce partenariat.<\/p>\n<p>Pour toutes questions (pour lesquelles les r\u00e9ponses ne sont pas dans la FAQ !), n&rsquo;h\u00e9sitez pas !<\/p>\n","protected":false},"excerpt":{"rendered":"<p>Une l\u00e9g\u00e8re maintenance a eu lieu hier soir, au programme : &#8211; ajout d&rsquo;une page de Foire Aux Questions (FAQ) et d&rsquo;une page d\u00e9di\u00e9e aux partenaires &#8211; mises \u00e0 jour techniques internes mineures A l&rsquo;avenir, je consignerais toutes les questions qui me sont pos\u00e9es dans cette FAQ. Si vous souhaitez r\u00e9aliser un \u00e9change de liens, [&hellip;]<\/p>\n","protected":false},"author":1,"featured_media":0,"comment_status":"open","ping_status":"open","sticky":false,"template":"","format":"aside","meta":{"_monsterinsights_skip_tracking":false,"_monsterinsights_sitenote_active":false,"_monsterinsights_sitenote_note":"","_monsterinsights_sitenote_category":0,"jetpack_post_was_ever_published":false,"_jetpack_newsletter_access":"","_jetpack_dont_email_post_to_subs":false,"_jetpack_newsletter_tier_id":0,"_jetpack_memberships_contains_paywalled_content":false,"_jetpack_memberships_contains_paid_content":false,"footnotes":"","jetpack_publicize_message":"","jetpack_publicize_feature_enabled":true,"jetpack_social_post_already_shared":false,"jetpack_social_options":{"image_generator_settings":{"template":"highway","enabled":false},"version":2}},"categories":[4,5],"tags":[],"class_list":["post-51","post","type-post","status-publish","format-aside","hentry","category-corrections-de-bugs","category-evolutions","post_format-post-format-aside"],"jetpack_publicize_connections":[],"jetpack_featured_media_url":"","jetpack_sharing_enabled":true,"jetpack_shortlink":"https:\/\/wp.me\/p6YVWK-P","_links":{"self":[{"href":"http:\/\/frais-mobilite.com\/blog\/wp-json\/wp\/v2\/posts\/51"}],"collection":[{"href":"http:\/\/frais-mobilite.com\/blog\/wp-json\/wp\/v2\/posts"}],"about":[{"href":"http:\/\/frais-mobilite.com\/blog\/wp-json\/wp\/v2\/types\/post"}],"author":[{"embeddable":true,"href":"http:\/\/frais-mobilite.com\/blog\/wp-json\/wp\/v2\/users\/1"}],"replies":[{"embeddable":true,"href":"http:\/\/frais-mobilite.com\/blog\/wp-json\/wp\/v2\/comments?post=51"}],"version-history":[{"count":10,"href":"http:\/\/frais-mobilite.com\/blog\/wp-json\/wp\/v2\/posts\/51\/revisions"}],"predecessor-version":[{"id":66,"href":"http:\/\/frais-mobilite.com\/blog\/wp-json\/wp\/v2\/posts\/51\/revisions\/66"}],"wp:attachment":[{"href":"http:\/\/frais-mobilite.com\/blog\/wp-json\/wp\/v2\/media?parent=51"}],"wp:term":[{"taxonomy":"category","embeddable":true,"href":"http:\/\/frais-mobilite.com\/blog\/wp-json\/wp\/v2\/categories?post=51"},{"taxonomy":"post_tag","embeddable":true,"href":"http:\/\/frais-mobilite.com\/blog\/wp-json\/wp\/v2\/tags?post=51"}],"curies":[{"name":"wp","href":"https:\/\/api.w.org\/{rel}","templated":true}]}}