{"id":67,"date":"2012-09-03T18:57:05","date_gmt":"2012-09-03T18:57:05","guid":{"rendered":"http:\/\/frais-mobilite.com\/blog\/?p=67"},"modified":"2012-09-03T21:43:52","modified_gmt":"2012-09-03T21:43:52","slug":"v2-0-3-mise-en-place-de-la-synthese","status":"publish","type":"post","link":"http:\/\/frais-mobilite.com\/blog\/v2-0-3-mise-en-place-de-la-synthese\/","title":{"rendered":"V2.0.3 : mise en place de la synth\u00e8se !"},"content":{"rendered":"<p>Bonsoir,<\/p>\n<p>Apr\u00e8s cette nouvelle maintenance hebdomadaire, j&rsquo;ai le plaisir de vous pr\u00e9senter enfin une synth\u00e8se digne de ce nom. Vous y retrouverez un bilan financier de votre v\u00e9hicule, un bilan carbone ainsi qu&rsquo;un bilan conso.<\/p>\n<p>D&rsquo;autres \u00e9volutions et corrections se sont jointes a cette mise \u00e0 jour et notamment :<\/p>\n<p>&#8211; Ajout d&rsquo;une note pour d\u00e9finir la consommation \u00e9volutive<\/p>\n<p>&#8211; Am\u00e9lioration du pied de page, ajout d&rsquo;une page \u00ab\u00a0On en parle sur le Ou\u00e9b\u00a0\u00bb et modification de la qualit\u00e9 des images<\/p>\n<p>&#8211; Ajout de la possibilit\u00e9 de <span style=\"color: #ff0000;\">garder la connexion ouverte durant 30 jours<\/span><\/p>\n<p>&#8211; Meilleure gestion de la date lors de l&rsquo;ajout via un mobile qui pouvait \u00eatre nulle de temps en temps et toujours afficher la date du jour<\/p>\n<p>&nbsp;<\/p>\n<p>Comme d&rsquo;habitude, la liste compl\u00e8te se trouve ici : <a href=\"http:\/\/frais-mobilite.com\/index.php?page=changelog#v203\" target=\"_blank\">changelog v2.0.3<\/a><\/p>\n<p>&nbsp;<\/p>\n<p><a href=\"http:\/\/frais-mobilite.com\/blog\/wp-content\/uploads\/2012\/09\/frais-mobilite-web_V2.0.3.jpg\"><img loading=\"lazy\" decoding=\"async\" class=\"aligncenter size-large wp-image-74\" title=\"frais-mobilite-web_V2.0.3\" src=\"http:\/\/frais-mobilite.com\/blog\/wp-content\/uploads\/2012\/09\/frais-mobilite-web_V2.0.3-866x1024.jpg\" alt=\"\" width=\"866\" height=\"1024\" srcset=\"http:\/\/frais-mobilite.com\/blog\/wp-content\/uploads\/2012\/09\/frais-mobilite-web_V2.0.3-866x1024.jpg 866w, http:\/\/frais-mobilite.com\/blog\/wp-content\/uploads\/2012\/09\/frais-mobilite-web_V2.0.3-253x300.jpg 253w, http:\/\/frais-mobilite.com\/blog\/wp-content\/uploads\/2012\/09\/frais-mobilite-web_V2.0.3.jpg 1232w\" sizes=\"(max-width: 866px) 100vw, 866px\" \/><\/a><\/p>\n","protected":false},"excerpt":{"rendered":"<p>Bonsoir, Apr\u00e8s cette nouvelle maintenance hebdomadaire, j&rsquo;ai le plaisir de vous pr\u00e9senter enfin une synth\u00e8se digne de ce nom. Vous y retrouverez un bilan financier de votre v\u00e9hicule, un bilan carbone ainsi qu&rsquo;un bilan conso. D&rsquo;autres \u00e9volutions et corrections se sont jointes a cette mise \u00e0 jour et notamment : &#8211; Ajout d&rsquo;une note pour [&hellip;]<\/p>\n","protected":false},"author":1,"featured_media":0,"comment_status":"open","ping_status":"open","sticky":false,"template":"","format":"standard","meta":{"_monsterinsights_skip_tracking":false,"_monsterinsights_sitenote_active":false,"_monsterinsights_sitenote_note":"","_monsterinsights_sitenote_category":0,"jetpack_post_was_ever_published":false,"_jetpack_newsletter_access":"","_jetpack_dont_email_post_to_subs":false,"_jetpack_newsletter_tier_id":0,"_jetpack_memberships_contains_paywalled_content":false,"_jetpack_memberships_contains_paid_content":false,"footnotes":"","jetpack_publicize_message":"","jetpack_publicize_feature_enabled":true,"jetpack_social_post_already_shared":false,"jetpack_social_options":{"image_generator_settings":{"template":"highway","enabled":false},"version":2}},"categories":[4,5,3],"tags":[],"class_list":["post-67","post","type-post","status-publish","format-standard","hentry","category-corrections-de-bugs","category-evolutions","category-nouveautes"],"jetpack_publicize_connections":[],"jetpack_featured_media_url":"","jetpack_sharing_enabled":true,"jetpack_shortlink":"https:\/\/wp.me\/p6YVWK-15","_links":{"self":[{"href":"http:\/\/frais-mobilite.com\/blog\/wp-json\/wp\/v2\/posts\/67"}],"collection":[{"href":"http:\/\/frais-mobilite.com\/blog\/wp-json\/wp\/v2\/posts"}],"about":[{"href":"http:\/\/frais-mobilite.com\/blog\/wp-json\/wp\/v2\/types\/post"}],"author":[{"embeddable":true,"href":"http:\/\/frais-mobilite.com\/blog\/wp-json\/wp\/v2\/users\/1"}],"replies":[{"embeddable":true,"href":"http:\/\/frais-mobilite.com\/blog\/wp-json\/wp\/v2\/comments?post=67"}],"version-history":[{"count":7,"href":"http:\/\/frais-mobilite.com\/blog\/wp-json\/wp\/v2\/posts\/67\/revisions"}],"predecessor-version":[{"id":76,"href":"http:\/\/frais-mobilite.com\/blog\/wp-json\/wp\/v2\/posts\/67\/revisions\/76"}],"wp:attachment":[{"href":"http:\/\/frais-mobilite.com\/blog\/wp-json\/wp\/v2\/media?parent=67"}],"wp:term":[{"taxonomy":"category","embeddable":true,"href":"http:\/\/frais-mobilite.com\/blog\/wp-json\/wp\/v2\/categories?post=67"},{"taxonomy":"post_tag","embeddable":true,"href":"http:\/\/frais-mobilite.com\/blog\/wp-json\/wp\/v2\/tags?post=67"}],"curies":[{"name":"wp","href":"https:\/\/api.w.org\/{rel}","templated":true}]}}