{"id":83,"date":"2012-11-04T17:59:29","date_gmt":"2012-11-04T17:59:29","guid":{"rendered":"http:\/\/frais-mobilite.com\/blog\/?p=83"},"modified":"2012-11-04T18:04:20","modified_gmt":"2012-11-04T18:04:20","slug":"v2-0-5-les-tant-attendus-commentaires","status":"publish","type":"post","link":"http:\/\/frais-mobilite.com\/blog\/v2-0-5-les-tant-attendus-commentaires\/","title":{"rendered":"V2.0.5 : les tant attendus commentaires!"},"content":{"rendered":"<p>Bonsoir!<\/p>\n<p>&nbsp;<\/p>\n<p>Une nouvelle mise \u00e0 jour du site pour vous apporter une nouvelle fonctionnalit\u00e9 tr\u00e8s attendue : les commentaires dans les lignes de carburants!<\/p>\n<p>Evidemment, ces derniers sont \u00e9galement g\u00e9r\u00e9s en import.<\/p>\n<p>Il y a aussi quelques mises \u00e0 jour de s\u00e9curit\u00e9 afin de toujours vous garantir ce que je vous ai promis d\u00e8s le lancement de ce site : vos donn\u00e9es sont et seront toujours priv\u00e9es et bien prot\u00e9g\u00e9es!<\/p>\n<p>&nbsp;<\/p>\n<p>Revenons un instant sur ces fameux commentaires.<\/p>\n<p>Juste devant l&rsquo;ic\u00f4ne de modification d&rsquo;un plein, vous trouverez une petite bulle indiquant qu&rsquo;un commentaire est renseign\u00e9 sur cette ligne.<\/p>\n<p><a href=\"http:\/\/frais-mobilite.com\/blog\/wp-content\/uploads\/2012\/11\/com1.png\"><img loading=\"lazy\" decoding=\"async\" class=\"size-full wp-image-84 alignleft\" title=\"Indicateur de commentaire\" src=\"http:\/\/frais-mobilite.com\/blog\/wp-content\/uploads\/2012\/11\/com1.png\" alt=\"\" width=\"279\" height=\"94\" \/><\/a><\/p>\n<p>&nbsp;<\/p>\n<p>&nbsp;<\/p>\n<p>&nbsp;<\/p>\n<p>&nbsp;<\/p>\n<p>En cliquant sur cette bulle, vous verrez le commentaire s&rsquo;afficher!<\/p>\n<p><a href=\"http:\/\/frais-mobilite.com\/blog\/wp-content\/uploads\/2012\/11\/com2.png\"><img loading=\"lazy\" decoding=\"async\" class=\"size-full wp-image-85 alignleft\" title=\"Commentaire affich\u00e9\" src=\"http:\/\/frais-mobilite.com\/blog\/wp-content\/uploads\/2012\/11\/com2.png\" alt=\"\" width=\"323\" height=\"89\" srcset=\"http:\/\/frais-mobilite.com\/blog\/wp-content\/uploads\/2012\/11\/com2.png 323w, http:\/\/frais-mobilite.com\/blog\/wp-content\/uploads\/2012\/11\/com2-300x82.png 300w\" sizes=\"(max-width: 323px) 100vw, 323px\" \/><\/a><\/p>\n<p>&nbsp;<\/p>\n<p>&nbsp;<\/p>\n<p>&nbsp;<\/p>\n<p>&nbsp;<\/p>\n<p>Pour \u00e9crire un commentaire, deux fa\u00e7ons :<\/p>\n<p>&#8211; soit en cr\u00e9ant le plein directement<\/p>\n<p>&#8211; soit en le modifiant \ud83d\ude42<\/p>\n<p>&nbsp;<\/p>\n<p>Et comme d&rsquo;habitude, le <a href=\"http:\/\/frais-mobilite.com\/index.php?page=changelog#v205\" target=\"_blank\">changelog<\/a> qui va bien!<\/p>\n","protected":false},"excerpt":{"rendered":"<p>Bonsoir! &nbsp; Une nouvelle mise \u00e0 jour du site pour vous apporter une nouvelle fonctionnalit\u00e9 tr\u00e8s attendue : les commentaires dans les lignes de carburants! Evidemment, ces derniers sont \u00e9galement g\u00e9r\u00e9s en import. Il y a aussi quelques mises \u00e0 jour de s\u00e9curit\u00e9 afin de toujours vous garantir ce que je vous ai promis d\u00e8s [&hellip;]<\/p>\n","protected":false},"author":1,"featured_media":0,"comment_status":"open","ping_status":"open","sticky":false,"template":"","format":"standard","meta":{"_monsterinsights_skip_tracking":false,"_monsterinsights_sitenote_active":false,"_monsterinsights_sitenote_note":"","_monsterinsights_sitenote_category":0,"jetpack_post_was_ever_published":false,"_jetpack_newsletter_access":"","_jetpack_dont_email_post_to_subs":false,"_jetpack_newsletter_tier_id":0,"_jetpack_memberships_contains_paywalled_content":false,"_jetpack_memberships_contains_paid_content":false,"footnotes":"","jetpack_publicize_message":"","jetpack_publicize_feature_enabled":true,"jetpack_social_post_already_shared":false,"jetpack_social_options":{"image_generator_settings":{"template":"highway","enabled":false},"version":2}},"categories":[5,3],"tags":[],"class_list":["post-83","post","type-post","status-publish","format-standard","hentry","category-evolutions","category-nouveautes"],"jetpack_publicize_connections":[],"jetpack_featured_media_url":"","jetpack_sharing_enabled":true,"jetpack_shortlink":"https:\/\/wp.me\/p6YVWK-1l","_links":{"self":[{"href":"http:\/\/frais-mobilite.com\/blog\/wp-json\/wp\/v2\/posts\/83"}],"collection":[{"href":"http:\/\/frais-mobilite.com\/blog\/wp-json\/wp\/v2\/posts"}],"about":[{"href":"http:\/\/frais-mobilite.com\/blog\/wp-json\/wp\/v2\/types\/post"}],"author":[{"embeddable":true,"href":"http:\/\/frais-mobilite.com\/blog\/wp-json\/wp\/v2\/users\/1"}],"replies":[{"embeddable":true,"href":"http:\/\/frais-mobilite.com\/blog\/wp-json\/wp\/v2\/comments?post=83"}],"version-history":[{"count":5,"href":"http:\/\/frais-mobilite.com\/blog\/wp-json\/wp\/v2\/posts\/83\/revisions"}],"predecessor-version":[{"id":90,"href":"http:\/\/frais-mobilite.com\/blog\/wp-json\/wp\/v2\/posts\/83\/revisions\/90"}],"wp:attachment":[{"href":"http:\/\/frais-mobilite.com\/blog\/wp-json\/wp\/v2\/media?parent=83"}],"wp:term":[{"taxonomy":"category","embeddable":true,"href":"http:\/\/frais-mobilite.com\/blog\/wp-json\/wp\/v2\/categories?post=83"},{"taxonomy":"post_tag","embeddable":true,"href":"http:\/\/frais-mobilite.com\/blog\/wp-json\/wp\/v2\/tags?post=83"}],"curies":[{"name":"wp","href":"https:\/\/api.w.org\/{rel}","templated":true}]}}