{"id":92,"date":"2012-11-14T16:15:08","date_gmt":"2012-11-14T16:15:08","guid":{"rendered":"http:\/\/frais-mobilite.com\/blog\/?p=92"},"modified":"2012-11-14T18:55:44","modified_gmt":"2012-11-14T18:55:44","slug":"v2-0-6-la-synthese-evolue-et-arrivee-des-remboursements","status":"publish","type":"post","link":"http:\/\/frais-mobilite.com\/blog\/v2-0-6-la-synthese-evolue-et-arrivee-des-remboursements\/","title":{"rendered":"V2.0.6 : la synth\u00e8se \u00e9volue et arriv\u00e9e des remboursements!"},"content":{"rendered":"<p>Bonjour \u00e0 tous,<\/p>\n<p>&nbsp;<\/p>\n<p>Un peu de retard dans la publication de cet article, les plus\u00a0assidus\u00a0d&rsquo;entre vous auront d\u00e9j\u00e0 remarqu\u00e9 les nouveaut\u00e9s depuis hier soir!<\/p>\n<p>On commence par une nouveaut\u00e9 que vous ne manquerez pas de remarquer : le formulaire de connexion au site s&rsquo;est rajeuni. D\u00e9sormais vous ne serez plus redirig\u00e9 vers une page pas belle mais une petite boite viendra s&rsquo;afficher en dessous du bouton \u00ab\u00a0Connexion\u00a0\u00bb.<\/p>\n<p><a href=\"http:\/\/frais-mobilite.com\/blog\/wp-content\/uploads\/2012\/11\/frais-mobilite-web_V2.0.6_nouvelle-connexion2.jpg\"><img loading=\"lazy\" decoding=\"async\" class=\"aligncenter size-full wp-image-101\" title=\"frais-mobilite-web_V2.0.6_nouvelle connexion2\" src=\"http:\/\/frais-mobilite.com\/blog\/wp-content\/uploads\/2012\/11\/frais-mobilite-web_V2.0.6_nouvelle-connexion2.jpg\" alt=\"\" width=\"464\" height=\"328\" srcset=\"http:\/\/frais-mobilite.com\/blog\/wp-content\/uploads\/2012\/11\/frais-mobilite-web_V2.0.6_nouvelle-connexion2.jpg 464w, http:\/\/frais-mobilite.com\/blog\/wp-content\/uploads\/2012\/11\/frais-mobilite-web_V2.0.6_nouvelle-connexion2-300x212.jpg 300w\" sizes=\"(max-width: 464px) 100vw, 464px\" \/><\/a><\/p>\n<p>Si certains d&rsquo;entre vous ne peuvent plus se connecter depuis cette mise \u00e0 jour, merci de me le signaler au plus vite.<\/p>\n<p>&nbsp;<\/p>\n<p>Une autre nouveaut\u00e9 est l&rsquo;ajout des remboursements. En effet, il est possible que vous utilisiez votre v\u00e9hicule de mani\u00e8re professionnelle et que vous soyez rembours\u00e9 des frais de carburants, de p\u00e9age, etc&#8230;<\/p>\n<p>Dans la page des autres d\u00e9penses vous avez donc un tout nouveau tableau qui vous permettra de renseigner ces informations.<\/p>\n<p><a href=\"http:\/\/frais-mobilite.com\/blog\/wp-content\/uploads\/2012\/11\/frais-mobilite-web_V2.0.6_remboursements.jpg\"><img loading=\"lazy\" decoding=\"async\" class=\"aligncenter size-large wp-image-95\" title=\"frais-mobilite-web_V2.0.6_remboursements\" src=\"http:\/\/frais-mobilite.com\/blog\/wp-content\/uploads\/2012\/11\/frais-mobilite-web_V2.0.6_remboursements-1024x409.jpg\" alt=\"\" width=\"1024\" height=\"409\" srcset=\"http:\/\/frais-mobilite.com\/blog\/wp-content\/uploads\/2012\/11\/frais-mobilite-web_V2.0.6_remboursements-1024x409.jpg 1024w, http:\/\/frais-mobilite.com\/blog\/wp-content\/uploads\/2012\/11\/frais-mobilite-web_V2.0.6_remboursements-300x120.jpg 300w, http:\/\/frais-mobilite.com\/blog\/wp-content\/uploads\/2012\/11\/frais-mobilite-web_V2.0.6_remboursements.jpg 1220w\" sizes=\"(max-width: 1024px) 100vw, 1024px\" \/><\/a><\/p>\n<p>&nbsp;<\/p>\n<p>&nbsp;<\/p>\n<p>Ensuite, <strong>LA<\/strong> nouveaut\u00e9 de cette version tant attendue par certains d&rsquo;entre vous : le param\u00e9trage de la synth\u00e8se.<\/p>\n<p>Il est d\u00e9sormais possible de voir la synth\u00e8se d&rsquo;un v\u00e9hicule entre des dates d\u00e9finies, ou \u00e0 partir d&rsquo;une date si on ne renseigne pas la date de fin, ou encore jusqu&rsquo;\u00e0 une date donn\u00e9e depuis le d\u00e9but du suivi si on ne renseigne pas de date de d\u00e9but.<\/p>\n<p>Par exemple, cela peut vous permettre de voir ce que vous avez d\u00e9pens\u00e9 ce mois-ci ou le mois des vacances si vous avez beaucoup roul\u00e9!<\/p>\n<p>J&rsquo;ai \u00e9galement ajout\u00e9 la possibilit\u00e9 de ne pas tenir compte du prix du v\u00e9hicule dans cette synth\u00e8se car lorsqu&rsquo;on regarde sur un mois, le prix d&rsquo;achat n&rsquo;a pas de sens!<\/p>\n<p>Idem avec les remboursements : on peut en tenir compte ou pas. Si vous en tenez compte vous obtiendrez ce que vous co\u00fbte r\u00e9ellement votre v\u00e9hicule (ce qui est sorti de votre compte en banque), sinon vous obtiendrez le co\u00fbt r\u00e9el d&rsquo;utilisation du v\u00e9hicule.<\/p>\n<p>C&rsquo;est comme vous voulez!<\/p>\n<p><a href=\"http:\/\/frais-mobilite.com\/blog\/wp-content\/uploads\/2012\/11\/frais-mobilite-web_V2.0.6_synthese.jpg\"><img loading=\"lazy\" decoding=\"async\" class=\"aligncenter size-large wp-image-94\" title=\"frais-mobilite-web_V2.0.6_synthese\" src=\"http:\/\/frais-mobilite.com\/blog\/wp-content\/uploads\/2012\/11\/frais-mobilite-web_V2.0.6_synthese-1024x409.jpg\" alt=\"\" width=\"1024\" height=\"409\" \/><\/a><\/p>\n<p>&nbsp;<\/p>\n<p>Comme d&rsquo;habitude, le changelog complet est disponible ici : <a href=\"http:\/\/frais-mobilite.com\/index.php?page=changelog#v206\">changelog v2.0.6<\/a><\/p>\n","protected":false},"excerpt":{"rendered":"<p>Bonjour \u00e0 tous, &nbsp; Un peu de retard dans la publication de cet article, les plus\u00a0assidus\u00a0d&rsquo;entre vous auront d\u00e9j\u00e0 remarqu\u00e9 les nouveaut\u00e9s depuis hier soir! On commence par une nouveaut\u00e9 que vous ne manquerez pas de remarquer : le formulaire de connexion au site s&rsquo;est rajeuni. D\u00e9sormais vous ne serez plus redirig\u00e9 vers une page [&hellip;]<\/p>\n","protected":false},"author":1,"featured_media":0,"comment_status":"open","ping_status":"open","sticky":false,"template":"","format":"standard","meta":{"_monsterinsights_skip_tracking":false,"_monsterinsights_sitenote_active":false,"_monsterinsights_sitenote_note":"","_monsterinsights_sitenote_category":0,"jetpack_post_was_ever_published":false,"_jetpack_newsletter_access":"","_jetpack_dont_email_post_to_subs":false,"_jetpack_newsletter_tier_id":0,"_jetpack_memberships_contains_paywalled_content":false,"_jetpack_memberships_contains_paid_content":false,"footnotes":"","jetpack_publicize_message":"","jetpack_publicize_feature_enabled":true,"jetpack_social_post_already_shared":false,"jetpack_social_options":{"image_generator_settings":{"template":"highway","enabled":false},"version":2}},"categories":[4,5,3],"tags":[],"class_list":["post-92","post","type-post","status-publish","format-standard","hentry","category-corrections-de-bugs","category-evolutions","category-nouveautes"],"jetpack_publicize_connections":[],"jetpack_featured_media_url":"","jetpack_sharing_enabled":true,"jetpack_shortlink":"https:\/\/wp.me\/p6YVWK-1u","_links":{"self":[{"href":"http:\/\/frais-mobilite.com\/blog\/wp-json\/wp\/v2\/posts\/92"}],"collection":[{"href":"http:\/\/frais-mobilite.com\/blog\/wp-json\/wp\/v2\/posts"}],"about":[{"href":"http:\/\/frais-mobilite.com\/blog\/wp-json\/wp\/v2\/types\/post"}],"author":[{"embeddable":true,"href":"http:\/\/frais-mobilite.com\/blog\/wp-json\/wp\/v2\/users\/1"}],"replies":[{"embeddable":true,"href":"http:\/\/frais-mobilite.com\/blog\/wp-json\/wp\/v2\/comments?post=92"}],"version-history":[{"count":5,"href":"http:\/\/frais-mobilite.com\/blog\/wp-json\/wp\/v2\/posts\/92\/revisions"}],"predecessor-version":[{"id":100,"href":"http:\/\/frais-mobilite.com\/blog\/wp-json\/wp\/v2\/posts\/92\/revisions\/100"}],"wp:attachment":[{"href":"http:\/\/frais-mobilite.com\/blog\/wp-json\/wp\/v2\/media?parent=92"}],"wp:term":[{"taxonomy":"category","embeddable":true,"href":"http:\/\/frais-mobilite.com\/blog\/wp-json\/wp\/v2\/categories?post=92"},{"taxonomy":"post_tag","embeddable":true,"href":"http:\/\/frais-mobilite.com\/blog\/wp-json\/wp\/v2\/tags?post=92"}],"curies":[{"name":"wp","href":"https:\/\/api.w.org\/{rel}","templated":true}]}}